{"id":240638,"date":"2025-07-10T18:20:14","date_gmt":"2025-07-10T18:20:14","guid":{"rendered":"https:\/\/www.europesays.com\/fr\/240638\/"},"modified":"2025-07-10T18:20:14","modified_gmt":"2025-07-10T18:20:14","slug":"des-centaines-de-migrants-quittent-la-crete-pour-rejoindre-la-grece-continentale","status":"publish","type":"post","link":"https:\/\/www.europesays.com\/fr\/240638\/","title":{"rendered":"Des centaines de migrants quittent la Cr\u00e8te pour rejoindre la Gr\u00e8ce continentale"},"content":{"rendered":"<p><img decoding=\"async\" class=\"c-ad__placeholder__logo\" src=\"https:\/\/static.euronews.com\/website\/images\/logos\/logo-euronews-grey-6-180x22.svg\" width=\"180\" height=\"22\" alt=\"\" loading=\"lazy\"\/>PUBLICIT\u00c9<\/p>\n<p>Plus de 500 personnes ont \u00e9t\u00e9 transf\u00e9r\u00e9es au port de Lavrio, pr\u00e8s d&rsquo;Ath\u00e8nes, jeudi, apr\u00e8s avoir \u00e9t\u00e9 intercept\u00e9es au sud de l&rsquo;\u00eele de Cr\u00e8te, alors que la Gr\u00e8ce met en \u0153uvre des mesures d&rsquo;urgence pour faire face \u00e0 l&rsquo;augmentation du nombre de travers\u00e9es de la M\u00e9diterran\u00e9e depuis la Libye.<\/p>\n<p>Les migrants, pour la plupart des jeunes hommes, ont \u00e9t\u00e9 transf\u00e9r\u00e9s pendant la nuit \u00e0 bord d&rsquo;un vraquier apr\u00e8s que leur chalutier a \u00e9t\u00e9 intercept\u00e9 par les autorit\u00e9s grecques.<\/p>\n<p>Des navires de service les ont aid\u00e9s \u00e0 d\u00e9barquer dans le port grec. Ils seront envoy\u00e9s dans des centres de r\u00e9tention pr\u00e8s de la capitale.<\/p>\n<p>Plus de 200 migrants ont \u00e9t\u00e9 transf\u00e9r\u00e9s vers le port du Pir\u00e9e, dans le cadre d&rsquo;op\u00e9rations distinctes men\u00e9es en Cr\u00e8te.<\/p>\n<p>Les transferts vers le continent ont \u00e9t\u00e9 ordonn\u00e9s alors que les centres d&rsquo;accueil de fortune en Cr\u00e8te ont atteint leur capacit\u00e9 maximale, avec environ <strong>500 nouvelles arriv\u00e9es par jour<\/strong> sur l&rsquo;\u00eele m\u00e9diterran\u00e9enne depuis le week-end.<\/p>\n<p>Le Premier ministre Kyriakos Mitsotakis a annonc\u00e9 mercredi que la Gr\u00e8ce suspendrait pendant trois mois le traitement des demandes d&rsquo;asile pour les migrants arrivant d&rsquo;Afrique du Nord par la mer.<\/p>\n<p>Les nouvelles mesures devraient \u00eatre vot\u00e9es au Parlement jeudi sous la forme d&rsquo;un <strong>amendement d&rsquo;urgence<\/strong>.<\/p>\n<p>\u00ab\u00a0Il s&rsquo;agit d&rsquo;une situation extr\u00eame et urgente, et nous prenons des mesures extraordinaires, difficiles, dures et strictes. Mais elles envoient un message clair\u00a0\u00bb, a d\u00e9clar\u00e9 Manos Logothetis, secr\u00e9taire g\u00e9n\u00e9ral du minist\u00e8re des Migrations, \u00e0 la t\u00e9l\u00e9vision nationale.<\/p>\n<p>\u00ab\u00a0Ces mesures sont une d\u00e9claration claire du gouvernement grec et, par extension, de l&rsquo;Europe, selon laquelle nous ne pouvons plus accepter les flux migratoires en provenance d&rsquo;Afrique du Nord\u00a0\u00bb, a-t-il ajout\u00e9.<\/p>\n<p>\u00ab\u00a0Les personnes qui s&rsquo;y trouvent doivent r\u00e9fl\u00e9chir \u00e0 deux fois avant de d\u00e9cider de payer une grosse somme d&rsquo;argent pour venir dans notre pays\u00a0\u00bb.<\/p>\n<p>Manos Logothetis a d\u00e9clar\u00e9 que la Gr\u00e8ce soutenait les initiatives de l&rsquo;UE liant l&rsquo;aide financi\u00e8re aux pays africains \u00e0 leur volont\u00e9 d&rsquo;accepter leurs citoyens expuls\u00e9s ou d&rsquo;accepter un rapatriement volontaire depuis l&rsquo;Europe.<\/p>\n<p>La crise en Cr\u00e8te co\u00efncide avec une querelle diplomatique entre l&rsquo;Union europ\u00e9enne et la Libye au sujet de la coop\u00e9ration en mati\u00e8re d&rsquo;immigration.<\/p>\n<p>En d\u00e9but de semaine, des fonctionnaires europ\u00e9ens ont \u00e9t\u00e9 refoul\u00e9s de l&rsquo;est de la Libye \u00e0 la suite d&rsquo;un d\u00e9saccord apparent sur les autorit\u00e9s comp\u00e9tentes \u00e0 impliquer dans les discussions visant \u00e0 limiter les nouvelles travers\u00e9es.<\/p>\n<p>Atteindre l&rsquo;Europe \u00e0 tout prix<\/p>\n<p>Les autorit\u00e9s de Cr\u00e8te s&rsquo;efforcent de fournir des services de base et utilisent des installations temporaires pour h\u00e9berger les migrants, principalement originaires de Somalie, du Soudan, d&rsquo;\u00c9gypte et du Maroc, selon des responsables de l&rsquo;\u00eele.<\/p>\n<p>La Gr\u00e8ce reste un point d&rsquo;entr\u00e9e essentiel dans l&rsquo;Union europ\u00e9enne pour les personnes fuyant les conflits et les difficult\u00e9s au Moyen-Orient, en Afrique et en Asie.<\/p>\n<p>Les arriv\u00e9es ont explos\u00e9 l&rsquo;ann\u00e9e derni\u00e8re, avec <strong>plus de 60 000 migrants<\/strong> d\u00e9barquant en Gr\u00e8ce &#8211; la majorit\u00e9 par voie maritime &#8211; contre <strong>environ 48 000 en 2023<\/strong>, selon les donn\u00e9es de l&rsquo;Agence des Nations unies pour les r\u00e9fugi\u00e9s.<\/p>\n<p>\u00c0 la mi-juin 2025, la Gr\u00e8ce avait enregistr\u00e9 <strong>16 290 arriv\u00e9es, dont plus de 14 600 par voie maritime<\/strong>.<\/p>\n<p>Les autorit\u00e9s grecques ayant renforc\u00e9 les patrouilles le long de la fronti\u00e8re maritime orientale avec la Turquie, les trafiquants semblent choisir de plus en plus la route la plus longue et la plus dangereuse pour traverser la M\u00e9diterran\u00e9e depuis l&rsquo;Afrique du Nord, en utilisant des bateaux plus grands, capables de transporter davantage de personnes.<\/p>\n<p>Sources additionnelles<strong> \u2022 AP<\/strong><\/p>\n","protected":false},"excerpt":{"rendered":"PUBLICIT\u00c9 Plus de 500 personnes ont \u00e9t\u00e9 transf\u00e9r\u00e9es au port de Lavrio, pr\u00e8s d&rsquo;Ath\u00e8nes, jeudi, apr\u00e8s avoir \u00e9t\u00e9&hellip;\n","protected":false},"author":2,"featured_media":240639,"comment_status":"","ping_status":"","sticky":false,"template":"","format":"standard","meta":{"footnotes":""},"categories":[1586],"tags":[11,1777,674,1779,1011,27,8906,4367,1251,38020,12,25,1778,364],"class_list":{"0":"post-240638","1":"post","2":"type-post","3":"status-publish","4":"format-standard","5":"has-post-thumbnail","7":"category-europe","8":"tag-actualites","9":"tag-eu","10":"tag-europe","11":"tag-european-union","12":"tag-fr","13":"tag-france","14":"tag-grece","15":"tag-libye","16":"tag-migrants","17":"tag-migrants-africains","18":"tag-news","19":"tag-republique-francaise","20":"tag-ue","21":"tag-union-europeenne"},"share_on_mastodon":{"url":"https:\/\/pubeurope.com\/@fr\/114830326116869728","error":""},"_links":{"self":[{"href":"https:\/\/www.europesays.com\/fr\/wp-json\/wp\/v2\/posts\/240638","targetHints":{"allow":["GET"]}}],"collection":[{"href":"https:\/\/www.europesays.com\/fr\/wp-json\/wp\/v2\/posts"}],"about":[{"href":"https:\/\/www.europesays.com\/fr\/wp-json\/wp\/v2\/types\/post"}],"author":[{"embeddable":true,"href":"https:\/\/www.europesays.com\/fr\/wp-json\/wp\/v2\/users\/2"}],"replies":[{"embeddable":true,"href":"https:\/\/www.europesays.com\/fr\/wp-json\/wp\/v2\/comments?post=240638"}],"version-history":[{"count":0,"href":"https:\/\/www.europesays.com\/fr\/wp-json\/wp\/v2\/posts\/240638\/revisions"}],"wp:featuredmedia":[{"embeddable":true,"href":"https:\/\/www.europesays.com\/fr\/wp-json\/wp\/v2\/media\/240639"}],"wp:attachment":[{"href":"https:\/\/www.europesays.com\/fr\/wp-json\/wp\/v2\/media?parent=240638"}],"wp:term":[{"taxonomy":"category","embeddable":true,"href":"https:\/\/www.europesays.com\/fr\/wp-json\/wp\/v2\/categories?post=240638"},{"taxonomy":"post_tag","embeddable":true,"href":"https:\/\/www.europesays.com\/fr\/wp-json\/wp\/v2\/tags?post=240638"}],"curies":[{"name":"wp","href":"https:\/\/api.w.org\/{rel}","templated":true}]}}