{"id":240648,"date":"2025-07-10T18:26:15","date_gmt":"2025-07-10T18:26:15","guid":{"rendered":"https:\/\/www.europesays.com\/fr\/240648\/"},"modified":"2025-07-10T18:26:15","modified_gmt":"2025-07-10T18:26:15","slug":"cest-un-exemple-a-suivre-galthie-sort-un-jeune-joueur-du-lot-avec-le-choc-face-aux-all-blacks","status":"publish","type":"post","link":"https:\/\/www.europesays.com\/fr\/240648\/","title":{"rendered":"\u00ab c\u2019est un exemple \u00e0 suivre \u00bb, Galthi\u00e9 sort un jeune joueur du lot avec le choc face aux All Blacks !"},"content":{"rendered":"<p>Il prend de plus en plus d\u2019\u00e9paisseur avec le XV de France. Cap\u00e9 pour la premi\u00e8re fois l\u2019\u00e9t\u00e9 dernier lors de la tourn\u00e9e en Argentine, Th\u00e9o Attissogb\u00e9 a depuis r\u00e9alis\u00e9 une saison XXL avec la Section Paloise. Cela avait valu \u00e0 l\u2019ailier ou arri\u00e8re d\u2019avoir sa chance lors du Tournoi des Six Nations, faisant sortir Damian Penaud de la feuille de match face \u00e0 l\u2019Italie.<\/p>\n<p>\u00ab\u00a0On sent qu\u2019il sait ce qu\u2019il veut\u00a0\u00bb<\/p>\n<p>Excellent la semaine pass\u00e9e face \u00e0 la Nouvelle-Z\u00e9lande, Attissogb\u00e9 fait partie des cinq joueurs \u00e0 conserver leur place pour ce deuxi\u00e8me test. S\u2019il glisse cette fois-ci \u00e0 l\u2019aile, le Palois peut compter sur la confiance de son s\u00e9lectionneur. En conf\u00e9rence de presse et dans des propos rapport\u00e9s par <a href=\"https:\/\/www.rugbyrama.fr\/2025\/07\/10\/xv-de-france-fabien-galthie-on-ne-prepare-pas-un-match-face-a-la-nouvelle-zelande-en-se-faisant-des-bisous-12817742.php\" rel=\"nofollow noopener\" target=\"_blank\">Rugbyrama<\/a>, Fabien Galthi\u00e9 l\u2019a \u00e9rig\u00e9 en exemple \u00e0 suivre pour le reste du groupe.<\/p>\n<blockquote>\n<p>\u00ab\u00a0Il a commenc\u00e9 en Argentine. Il a \u00e9t\u00e9 tr\u00e8s bien. On sent qu\u2019il sait ce qu\u2019il veut, Th\u00e9o. On sent un gar\u00e7on d\u00e9termin\u00e9, qui avance pallier par pallier. Il comprend les enjeux, il est juste et a d\u00e9velopp\u00e9 une double comp\u00e9tence, celle de pouvoir jouer arri\u00e8re et ailier. C\u2019est un exemple \u00e0 suivre pour beaucoup de joueurs.\u00a0\u00bb<\/p>\n<\/blockquote>\n<p>Partagez cette info avec vos amis et vos proches en cliquant ici<br \/>Pour r\u00e9sumer<\/p>\n<p>Fabien Galthi\u00e9 a mis en avant la maturit\u00e9 et la progression d\u2019un jeune joueur en conf\u00e9rence de presse. Il sera encore titulaire ce samedi face aux All Blacks. Th\u00e9o Attissogb\u00e9 impressionne son s\u00e9lectionneur par sa d\u00e9termination.<\/p>\n<p> <img decoding=\"async\" width=\"76\" height=\"76\" loading=\"lazy\" src=\"https:\/\/www.europesays.com\/fr\/wp-content\/uploads\/2025\/04\/avatar-quinze.png\" alt=\"Arnaud D\u00e9chelotte\"\/><\/p>\n","protected":false},"excerpt":{"rendered":"Il prend de plus en plus d\u2019\u00e9paisseur avec le XV de France. Cap\u00e9 pour la premi\u00e8re fois l\u2019\u00e9t\u00e9&hellip;\n","protected":false},"author":2,"featured_media":240649,"comment_status":"","ping_status":"","sticky":false,"template":"","format":"standard","meta":{"footnotes":""},"categories":[1416],"tags":[1011,27,479,1468,60],"class_list":{"0":"post-240648","1":"post","2":"type-post","3":"status-publish","4":"format-standard","5":"has-post-thumbnail","7":"category-rugby","8":"tag-fr","9":"tag-france","10":"tag-rugby","11":"tag-rugby-football","12":"tag-sports"},"share_on_mastodon":{"url":"https:\/\/pubeurope.com\/@fr\/114830349688854198","error":""},"_links":{"self":[{"href":"https:\/\/www.europesays.com\/fr\/wp-json\/wp\/v2\/posts\/240648","targetHints":{"allow":["GET"]}}],"collection":[{"href":"https:\/\/www.europesays.com\/fr\/wp-json\/wp\/v2\/posts"}],"about":[{"href":"https:\/\/www.europesays.com\/fr\/wp-json\/wp\/v2\/types\/post"}],"author":[{"embeddable":true,"href":"https:\/\/www.europesays.com\/fr\/wp-json\/wp\/v2\/users\/2"}],"replies":[{"embeddable":true,"href":"https:\/\/www.europesays.com\/fr\/wp-json\/wp\/v2\/comments?post=240648"}],"version-history":[{"count":0,"href":"https:\/\/www.europesays.com\/fr\/wp-json\/wp\/v2\/posts\/240648\/revisions"}],"wp:featuredmedia":[{"embeddable":true,"href":"https:\/\/www.europesays.com\/fr\/wp-json\/wp\/v2\/media\/240649"}],"wp:attachment":[{"href":"https:\/\/www.europesays.com\/fr\/wp-json\/wp\/v2\/media?parent=240648"}],"wp:term":[{"taxonomy":"category","embeddable":true,"href":"https:\/\/www.europesays.com\/fr\/wp-json\/wp\/v2\/categories?post=240648"},{"taxonomy":"post_tag","embeddable":true,"href":"https:\/\/www.europesays.com\/fr\/wp-json\/wp\/v2\/tags?post=240648"}],"curies":[{"name":"wp","href":"https:\/\/api.w.org\/{rel}","templated":true}]}}