{"id":240650,"date":"2025-07-10T18:27:13","date_gmt":"2025-07-10T18:27:13","guid":{"rendered":"https:\/\/www.europesays.com\/fr\/240650\/"},"modified":"2025-07-10T18:27:13","modified_gmt":"2025-07-10T18:27:13","slug":"jai-dautres-engagements-auxquels-je-ne-peux-me-soustraire-petchey-fait-le-point-sur-sa-relation-avec-raducanu","status":"publish","type":"post","link":"https:\/\/www.europesays.com\/fr\/240650\/","title":{"rendered":"\u00ab J&rsquo;ai d&rsquo;autres engagements auxquels je ne peux me soustraire \u00bb, Petchey fait le point sur sa relation avec Raducanu"},"content":{"rendered":"<p>                <img decoding=\"async\" src=\"https:\/\/www.europesays.com\/fr\/wp-content\/uploads\/2025\/07\/RLjM.jpg\" alt=\"\u00ab J'ai d'autres engagements auxquels je ne peux me soustraire \u00bb, Petchey fait le point sur sa relation avec Raducanu\"\/><\/p>\n<p>Malgr\u00e9 des r\u00e9sultats encourageants sur gazon, le duo Petchey-Raducanu ne devrait pas s&rsquo;\u00e9tendre sur le long terme. En effet, d&rsquo;apr\u00e8s le Britannique, ses obligations pour Tennis Channel l\u2019emp\u00eacheraient de poursuivre avec la joueuse de 22 ans :<\/p>\n<p>\u00ab Je pense que nous sommes sur un projet \u00e0 court terme. Notre situation est un peu fluctuante en ce moment. Je vais l&rsquo;aider cette semaine autant que possible, mais j&rsquo;ai d&rsquo;autres engagements auxquels je ne peux me soustraire. Nous sommes conscients qu&rsquo;elle a besoin d&rsquo;un deuxi\u00e8me entra\u00eeneur et peut-\u00eatre m\u00eame d&rsquo;un seul entra\u00eeneur, mais ce n\u2019est pas moi.<\/p>\n<p>Tout ce que j&rsquo;essaie de faire, c&rsquo;est de faciliter le meilleur environnement possible pour Emma afin qu&rsquo;elle produise le meilleur tennis possible. Que cela m&rsquo;implique ou non n&rsquo;est pas une question qui me pr\u00e9occupe, nous essayons juste de trouver quelque chose de stable et de bon pour elle. \u00bb<\/p>\n<p>\u00c9limin\u00e9e au troisi\u00e8me tour de Wimbledon, Raducanu s\u2019attaquera d\u00e9sormais \u00e0 la saison am\u00e9ricaine, en commen\u00e7ant par le tournoi de Washington pr\u00e9vu du 21 au 27 juillet prochain.<\/p>\n","protected":false},"excerpt":{"rendered":"Malgr\u00e9 des r\u00e9sultats encourageants sur gazon, le duo Petchey-Raducanu ne devrait pas s&rsquo;\u00e9tendre sur le long terme. En&hellip;\n","protected":false},"author":2,"featured_media":240651,"comment_status":"","ping_status":"","sticky":false,"template":"","format":"standard","meta":{"footnotes":""},"categories":[1415],"tags":[1011,27,60,1467],"class_list":{"0":"post-240650","1":"post","2":"type-post","3":"status-publish","4":"format-standard","5":"has-post-thumbnail","7":"category-tennis","8":"tag-fr","9":"tag-france","10":"tag-sports","11":"tag-tennis"},"share_on_mastodon":{"url":"https:\/\/pubeurope.com\/@fr\/114830353584748329","error":""},"_links":{"self":[{"href":"https:\/\/www.europesays.com\/fr\/wp-json\/wp\/v2\/posts\/240650","targetHints":{"allow":["GET"]}}],"collection":[{"href":"https:\/\/www.europesays.com\/fr\/wp-json\/wp\/v2\/posts"}],"about":[{"href":"https:\/\/www.europesays.com\/fr\/wp-json\/wp\/v2\/types\/post"}],"author":[{"embeddable":true,"href":"https:\/\/www.europesays.com\/fr\/wp-json\/wp\/v2\/users\/2"}],"replies":[{"embeddable":true,"href":"https:\/\/www.europesays.com\/fr\/wp-json\/wp\/v2\/comments?post=240650"}],"version-history":[{"count":0,"href":"https:\/\/www.europesays.com\/fr\/wp-json\/wp\/v2\/posts\/240650\/revisions"}],"wp:featuredmedia":[{"embeddable":true,"href":"https:\/\/www.europesays.com\/fr\/wp-json\/wp\/v2\/media\/240651"}],"wp:attachment":[{"href":"https:\/\/www.europesays.com\/fr\/wp-json\/wp\/v2\/media?parent=240650"}],"wp:term":[{"taxonomy":"category","embeddable":true,"href":"https:\/\/www.europesays.com\/fr\/wp-json\/wp\/v2\/categories?post=240650"},{"taxonomy":"post_tag","embeddable":true,"href":"https:\/\/www.europesays.com\/fr\/wp-json\/wp\/v2\/tags?post=240650"}],"curies":[{"name":"wp","href":"https:\/\/api.w.org\/{rel}","templated":true}]}}