{"id":240662,"date":"2025-07-10T18:35:15","date_gmt":"2025-07-10T18:35:15","guid":{"rendered":"https:\/\/www.europesays.com\/fr\/240662\/"},"modified":"2025-07-10T18:35:15","modified_gmt":"2025-07-10T18:35:15","slug":"ternay-les-103-ecoliers-de-cm2-ont-recu-un-dictionnaire-ou-un-livre-de-leur-choix","status":"publish","type":"post","link":"https:\/\/www.europesays.com\/fr\/240662\/","title":{"rendered":"Ternay. Les 103 \u00e9coliers de CM2 ont re\u00e7u un dictionnaire ou un livre de leur choix"},"content":{"rendered":"<p>C\u2019est la tradition, chaque fin d\u2019ann\u00e9e scolaire, la municipalit\u00e9 remet \u00e0 chaque enfant de CM2 un dictionnaire ou un ouvrage de son choix, pour sa rentr\u00e9e en 6e. Cette remise, effectu\u00e9e par l\u2019adjointe aux affaires scolaire B\u00e9atrice Croisile, a eu lieu mardi dans les deux \u00e9coles. Au final ce sont 103 \u00e9coliers, 48 aux Pierres et 55 \u00e0 Fl\u00e9vieu, qui ont re\u00e7u leur ouvrage des mains de Mme\u00a0Croisile qui tout en soulignant l\u2019importance de ce geste, a encourag\u00e9 les futurs coll\u00e9giens \u00e0 bien d\u00e9marrer leur parcours de coll\u00e9gien en respectant les r\u00e8gles de vie en collectivit\u00e9.<\/p>\n","protected":false},"excerpt":{"rendered":"C\u2019est la tradition, chaque fin d\u2019ann\u00e9e scolaire, la municipalit\u00e9 remet \u00e0 chaque enfant de CM2 un dictionnaire ou&hellip;\n","protected":false},"author":2,"featured_media":240663,"comment_status":"","ping_status":"","sticky":false,"template":"","format":"standard","meta":{"footnotes":""},"categories":[1357],"tags":[1379,58,3152,1057,59,1011,27,1380,10425,8287,21447],"class_list":{"0":"post-240662","1":"post","2":"type-post","3":"status-publish","4":"format-standard","5":"has-post-thumbnail","7":"category-livres","8":"tag-books","9":"tag-divertissement","10":"tag-edition-est-lyonnais","11":"tag-education","12":"tag-entertainment","13":"tag-fr","14":"tag-france","15":"tag-livres","16":"tag-maternelle-elementaire","17":"tag-saint-symphorien-dozon-bassin","18":"tag-ternay"},"share_on_mastodon":{"url":"https:\/\/pubeurope.com\/@fr\/114830385052890668","error":""},"_links":{"self":[{"href":"https:\/\/www.europesays.com\/fr\/wp-json\/wp\/v2\/posts\/240662","targetHints":{"allow":["GET"]}}],"collection":[{"href":"https:\/\/www.europesays.com\/fr\/wp-json\/wp\/v2\/posts"}],"about":[{"href":"https:\/\/www.europesays.com\/fr\/wp-json\/wp\/v2\/types\/post"}],"author":[{"embeddable":true,"href":"https:\/\/www.europesays.com\/fr\/wp-json\/wp\/v2\/users\/2"}],"replies":[{"embeddable":true,"href":"https:\/\/www.europesays.com\/fr\/wp-json\/wp\/v2\/comments?post=240662"}],"version-history":[{"count":0,"href":"https:\/\/www.europesays.com\/fr\/wp-json\/wp\/v2\/posts\/240662\/revisions"}],"wp:featuredmedia":[{"embeddable":true,"href":"https:\/\/www.europesays.com\/fr\/wp-json\/wp\/v2\/media\/240663"}],"wp:attachment":[{"href":"https:\/\/www.europesays.com\/fr\/wp-json\/wp\/v2\/media?parent=240662"}],"wp:term":[{"taxonomy":"category","embeddable":true,"href":"https:\/\/www.europesays.com\/fr\/wp-json\/wp\/v2\/categories?post=240662"},{"taxonomy":"post_tag","embeddable":true,"href":"https:\/\/www.europesays.com\/fr\/wp-json\/wp\/v2\/tags?post=240662"}],"curies":[{"name":"wp","href":"https:\/\/api.w.org\/{rel}","templated":true}]}}