{"id":24067,"date":"2025-04-14T10:54:11","date_gmt":"2025-04-14T10:54:11","guid":{"rendered":"https:\/\/www.europesays.com\/fr\/24067\/"},"modified":"2025-04-14T10:54:11","modified_gmt":"2025-04-14T10:54:11","slug":"friedrich-merz-envisage-de-fournir-des-missiles-taurus-a-kiev","status":"publish","type":"post","link":"https:\/\/www.europesays.com\/fr\/24067\/","title":{"rendered":"Friedrich Merz envisage de fournir des missiles Taurus \u00e0 Kiev"},"content":{"rendered":"<p>Le futur chancelier allemand a \u00e9galement d\u00e9nonc\u00e9 le \u00abgrave crime de guerre\u00bb commis par la Russie dans la ville de Soumy.<\/p>\n<p class=\"fig-paragraph\">Victorieux fin f\u00e9vrier des \u00e9lections l\u00e9gislatives en Allemagne,\u00a0<a href=\"http:\/\/www.lefigaro.fr\/international\/ukraine-defense-europeenne-immigration-ce-qu-il-faut-retenir-de-la-conference-de-presse-de-friedrich-merz-20250409\" data-fig-type=\"NewsFlash\" data-gtm-custom-categorie=\"navigation\" data-gtm-custom-action=\"crossclick\" data-gtm-custom-label=\"Contextuel\" data-gtm-event=\"customEventSPE\" data-fig-domain=\"LEFIGARO\" rel=\"nofollow noopener\" target=\"_blank\">Friedrich Merz<\/a>\u00a0s\u2019est jusqu\u2019ici montr\u00e9 d\u00e9termin\u00e9 dans sa volont\u00e9 de poursuivre le soutien militaire \u00e0 l\u2019Ukraine. Alors que le chancelier sortant\u00a0<a href=\"http:\/\/www.lefigaro.fr\/international\/a-munich-olaf-scholz-denonce-l-ingerence-americaine-dans-la-campagne-allemande-20250215\" data-fig-type=\"NewsFlash\" data-gtm-custom-categorie=\"navigation\" data-gtm-custom-action=\"crossclick\" data-gtm-custom-label=\"Contextuel\" data-gtm-event=\"customEventSPE\" data-fig-domain=\"LEFIGARO\" rel=\"nofollow noopener\" target=\"_blank\">Olaf Scholz<\/a>\u00a0a refus\u00e9 de fournir \u00e0 Kiev des\u00a0<a href=\"http:\/\/www.lefigaro.fr\/international\/allemagne-le-bundestag-s-oppose-de-nouveau-a-la-livraison-de-missiles-taurus-a-l-ukraine-20240314\" data-fig-type=\"NewsFlash\" data-gtm-custom-categorie=\"navigation\" data-gtm-custom-action=\"crossclick\" data-gtm-custom-label=\"Contextuel\" data-gtm-event=\"customEventSPE\" data-fig-domain=\"LEFIGARO\" rel=\"nofollow noopener\" target=\"_blank\">missiles Taurus<\/a>\u00a0capables de frapper profond\u00e9ment en territoire russe, le futur chancelier est ouvert \u00e0 cette possibilit\u00e9. \u00abJ\u2019ai toujours dit que je ne le ferais qu\u2019en accord avec les partenaires europ\u00e9ens\u00bb, a-t-il dit dimanche soir en r\u00e9ponse \u00e0 une question sur le sujet.<\/p>\n<p class=\"fig-paragraph\">\u00abCela doit \u00eatre coordonn\u00e9 et si c\u2019est coordonn\u00e9, alors l\u2019Allemagne devrait y participer\u00bb, a ajout\u00e9 M. Merz. Selon ce dernier, \u00abl\u2019arm\u00e9e ukrainienne doit sortir de sa position d\u00e9fensive. Elle ne fait que r\u00e9agir\u00bb. L\u2019Allemagne a \u00e9t\u00e9 le deuxi\u00e8me fournisseur d\u2019aide militaire \u00e0 l\u2019Ukraine, apr\u00e8s les \u00c9tats-Unis, depuis le d\u00e9but de l\u2019invasion russe.<\/p>\n<p class=\"fig-body-link\">\n            \u00c0 lire aussi<br \/>\n        <a class=\"fig-body-link__link fig-premium-mark\" href=\"https:\/\/www.lefigaro.fr\/international\/guerre-en-ukraine-les-missiles-allemands-taurus-au-coeur-de-la-brouille-entre-paris-et-berlin-20240307\" data-fig-type=\"Article\" data-gtm-custom-categorie=\"navigation\" data-gtm-custom-action=\"crossclick\" data-gtm-custom-label=\"Contextuel\" data-gtm-event=\"customEventSPE\" data-fig-domain=\"LEFIGARO\" rel=\"nofollow noopener\" target=\"_blank\">Guerre en Ukraine: les missiles allemands Taurus au c\u0153ur de la brouille entre Paris et Berlin<br \/>\n    <\/a>\n<\/p>\n<p>\u00abUn acte perfide\u00bb<\/p>\n<p class=\"fig-paragraph\">Friedrich Merz\u00a0a \u00e9galement d\u00e9nonc\u00e9 ce dimanche le \u00abgrave crime de guerre\u00bb commis par la Russie \u00e0 Soumy, dans le nord-est de l&rsquo;Ukraine, o\u00f9 un bombardement a fait au moins 34 morts, la frappe la plus meurtri\u00e8re sur une zone civile depuis des mois. \u00abC&rsquo;est un acte perfide (&#8230;) et c&rsquo;est un crime de guerre grave, d\u00e9lib\u00e9r\u00e9 et voulu\u00bb, a d\u00e9clar\u00e9 sur la cha\u00eene ARD le chef du parti conservateur qui prendra d\u00e9but mai la t\u00eate du nouveau gouvernement allemand.<\/p>\n<p class=\"fig-paragraph\">\u00abIl y a eu deux vagues d&rsquo;attaque, et la deuxi\u00e8me est arriv\u00e9e alors que les secouristes s&rsquo;occupaient des victimes\u00bb, a encore d\u00e9nonc\u00e9 M. Merz. \u00abVoil\u00e0 la r\u00e9ponse, c&rsquo;est ce que Poutine fait \u00e0 ceux qui discutent avec lui d&rsquo;un cessez-le-feu\u00bb, a-t-il ajout\u00e9. \u00abNotre volont\u00e9 de discuter avec lui est interpr\u00e9t\u00e9e non pas comme une offre s\u00e9rieuse de faire la paix, mais comme une faiblesse\u00bb.<\/p>\n","protected":false},"excerpt":{"rendered":"Le futur chancelier allemand a \u00e9galement d\u00e9nonc\u00e9 le \u00abgrave crime de guerre\u00bb commis par la Russie dans la&hellip;\n","protected":false},"author":2,"featured_media":24068,"comment_status":"","ping_status":"","sticky":false,"template":"","format":"standard","meta":{"footnotes":""},"categories":[1591],"tags":[259,11,260,1887,4710,131,14,261,12,262,1885,1886,132,220],"class_list":{"0":"post-24067","1":"post","2":"type-post","3":"status-publish","4":"format-standard","5":"has-post-thumbnail","7":"category-russie","8":"tag-actualite-internationale","9":"tag-actualites","10":"tag-affaires-etrangeres","11":"tag-federation-de-russie","12":"tag-friedrich-merz","13":"tag-guerre-en-ukraine","14":"tag-international","15":"tag-ministere-des-affaires-etrangeres","16":"tag-news","17":"tag-politique-etrangere","18":"tag-russia","19":"tag-russian-federation","20":"tag-russie","21":"tag-ukraine"},"share_on_mastodon":{"url":"https:\/\/pubeurope.com\/@fr\/114335951407208388","error":""},"_links":{"self":[{"href":"https:\/\/www.europesays.com\/fr\/wp-json\/wp\/v2\/posts\/24067","targetHints":{"allow":["GET"]}}],"collection":[{"href":"https:\/\/www.europesays.com\/fr\/wp-json\/wp\/v2\/posts"}],"about":[{"href":"https:\/\/www.europesays.com\/fr\/wp-json\/wp\/v2\/types\/post"}],"author":[{"embeddable":true,"href":"https:\/\/www.europesays.com\/fr\/wp-json\/wp\/v2\/users\/2"}],"replies":[{"embeddable":true,"href":"https:\/\/www.europesays.com\/fr\/wp-json\/wp\/v2\/comments?post=24067"}],"version-history":[{"count":0,"href":"https:\/\/www.europesays.com\/fr\/wp-json\/wp\/v2\/posts\/24067\/revisions"}],"wp:featuredmedia":[{"embeddable":true,"href":"https:\/\/www.europesays.com\/fr\/wp-json\/wp\/v2\/media\/24068"}],"wp:attachment":[{"href":"https:\/\/www.europesays.com\/fr\/wp-json\/wp\/v2\/media?parent=24067"}],"wp:term":[{"taxonomy":"category","embeddable":true,"href":"https:\/\/www.europesays.com\/fr\/wp-json\/wp\/v2\/categories?post=24067"},{"taxonomy":"post_tag","embeddable":true,"href":"https:\/\/www.europesays.com\/fr\/wp-json\/wp\/v2\/tags?post=24067"}],"curies":[{"name":"wp","href":"https:\/\/api.w.org\/{rel}","templated":true}]}}