{"id":240670,"date":"2025-07-10T18:39:13","date_gmt":"2025-07-10T18:39:13","guid":{"rendered":"https:\/\/www.europesays.com\/fr\/240670\/"},"modified":"2025-07-10T18:39:13","modified_gmt":"2025-07-10T18:39:13","slug":"les-habitants-appeles-a-la-vigilance","status":"publish","type":"post","link":"https:\/\/www.europesays.com\/fr\/240670\/","title":{"rendered":"les habitants appel\u00e9s \u00e0 la vigilance"},"content":{"rendered":"<p>\n                La mortalit\u00e9 y est 17% plus \u00e9lev\u00e9e que la moyenne nationale.            <\/p>\n<p>D&rsquo;apr\u00e8s les donn\u00e9es publi\u00e9es le 8 juillet par la DREES, le C\u00e9piDc-Inserm et Sant\u00e9 publique France, la France compte\u00a0pr\u00e8s de 640 000 d\u00e9c\u00e8s par an.\u00a0Les cancers sont les premiers responsables, devant les maladies cardio-neurovasculaires, aussi bien chez les hommes que chez les femmes. Ils\u00a0sont \u00e0 l&rsquo;origine de 27% des d\u00e9c\u00e8s (environ 172\u00a0000\u00a0personnes). M\u00eame si une tendance globale \u00e0 la baisse se dessine, certains types de cancers progressent toujours, notamment ceux du pancr\u00e9as (en constante augmentation), des poumons, des bronches et de la trach\u00e9e chez les femmes.<\/p>\n<p>L&rsquo;<a href=\"https:\/\/drees.solidarites-sante.gouv.fr\/publications-communique-de-presse\/250708_ER_mortalite-en-france-en-2023\" target=\"_blank\" rel=\"nofollow noopener\">\u00e9tude<\/a>\u00a0des analystes\u00a0fran\u00e7ais\u00a0met en lumi\u00e8re d&rsquo;importantes disparit\u00e9s g\u00e9ographiques. Selon leurs observations, le risque de d\u00e9c\u00e9der des suites d&rsquo;un cancer varie selon les r\u00e9gions. En Guyane et \u00e0 Mayotte, c&rsquo;est surtout vrai pour les <a href=\"https:\/\/sante.journaldesfemmes.fr\/fiches-maladies\/2516341-cancer-estomac-symptomes-prise-de-sang-pronostic\/\" title=\"Cancer de l&#039;estomac\" rel=\"nofollow noopener\" target=\"_blank\">cancers de l&rsquo;estomac<\/a>, de la prostate et de l&rsquo;ut\u00e9rus. En Corse, c&rsquo;est le cancer du poumon qui se distingue avec une mortalit\u00e9 24% plus \u00e9lev\u00e9e que la moyenne nationale. En\u00a0Normandie, la mortalit\u00e9 en cas de cancer est\u00a010% plus \u00e9lev\u00e9e qu&rsquo;au niveau national, surtout pour les tumeurs du foie, du c\u00f4lon, de la prostate et\u00a0du sein. En Bretagne, c&rsquo;est la mortalit\u00e9 par m\u00e9lanome (cancer de la peau) qui est la plus \u00e9lev\u00e9e.<\/p>\n<p><a class=\"fancy\" href=\"https:\/\/img-3.journaldesfemmes.fr\/DldzpGzf2vp7FBGXVslZ7M-qJxM=\/1080x\/smart\/183388365b3b423bbdb9e601ff7829d2\/ccmcms-jdf\/40038499.png\" target=\"_blank\" rel=\"nofollow noopener\"><img decoding=\"async\" alt=\"Causes de d\u00e9c\u00e8s en France en 2023\" src=\"https:\/\/www.europesays.com\/fr\/wp-content\/uploads\/2025\/07\/40038499.png\"\/><\/a><\/p>\n<p>Causes de d\u00e9c\u00e8s en France en 2023 \u00a9\u00a0DREES<\/p>\n<p>Dans les r\u00e9gions\u00a0Centre-Val de Loire,\u00a0Grand-Est et Nouvelle-Aquitaine, la mortalit\u00e9 des suites d&rsquo;un cancer du sang,\u00a0du cerveau ou du rein est plus \u00e9lev\u00e9e qu&rsquo;ailleurs.\u00a0Mais la r\u00e9gion qui paie le plus lourd tribut est sans conteste les Hauts-de-France. La mortalit\u00e9 par cancer y est 17% plus \u00e9lev\u00e9e que la moyenne nationale. Et les taux de mortalit\u00e9 d\u00e9passent de plus de 20% le niveau national\u00a0pour des cancers fr\u00e9quents comme celui du c\u00f4lon, du\u00a0foie, du sein, de la prostate, et des cancers plus rares\u00a0: l\u00e8vre et\u00a0cavit\u00e9 buccale, oesophage, vessie.<\/p>\n<p><a class=\"fancy\" href=\"https:\/\/img-3.journaldesfemmes.fr\/cRuR0fwZgFUNoNI3hfv7qK6TFec=\/1080x\/smart\/d10a295663ea4817b30ca74835d27a2f\/ccmcms-jdf\/40038543.png\" rel=\"nofollow noopener\" target=\"_blank\"><img decoding=\"async\" alt=\"\u2022 Taux de mortalit\u00e9 d\u00e9partementaux, pour les d\u00e9c\u00e8s dus aux cancers\" src=\"https:\/\/www.europesays.com\/fr\/wp-content\/uploads\/2025\/07\/40038543.png\"\/><\/a><\/p>\n<p>Taux de mortalit\u00e9 d\u00e9partementaux, pour les d\u00e9c\u00e8s dus aux cancers \u00a9\u00a0DREES<\/p>\n<p>En cause\u00a0: des facteurs de risque plus pr\u00e9sents que dans d&rsquo;autres r\u00e9gions comme le tabac, l&rsquo;alcool, la pr\u00e9carit\u00e9, et un acc\u00e8s \u00e0 la pr\u00e9vention et aux soins parfois in\u00e9gal.\u00a0Or, selon Sant\u00e9 publique France, pr\u00e8s de 40% des cancers sont attribuables \u00e0 des facteurs de risque modifiables. Les habitants de cette r\u00e9gion peuvent donc r\u00e9duire leur risque de cancer en am\u00e9liorant leur hygi\u00e8ne de vie.<\/p>\n<p>Renforcer la pr\u00e9vention, am\u00e9liorer l&rsquo;acc\u00e8s au d\u00e9pistage organis\u00e9 et garantir des parcours de soins rapides restent des priorit\u00e9s absolues pour esp\u00e9rer r\u00e9duire ces in\u00e9galit\u00e9s r\u00e9gionales et am\u00e9liorer la sant\u00e9 de ces populations.<\/p>\n","protected":false},"excerpt":{"rendered":"La mortalit\u00e9 y est 17% plus \u00e9lev\u00e9e que la moyenne nationale. D&rsquo;apr\u00e8s les donn\u00e9es publi\u00e9es le 8 juillet&hellip;\n","protected":false},"author":2,"featured_media":240671,"comment_status":"","ping_status":"","sticky":false,"template":"","format":"standard","meta":{"footnotes":""},"categories":[10],"tags":[1011,27,72,71],"class_list":{"0":"post-240670","1":"post","2":"type-post","3":"status-publish","4":"format-standard","5":"has-post-thumbnail","7":"category-sante","8":"tag-fr","9":"tag-france","10":"tag-health","11":"tag-sante"},"share_on_mastodon":{"url":"https:\/\/pubeurope.com\/@fr\/114830400888176590","error":""},"_links":{"self":[{"href":"https:\/\/www.europesays.com\/fr\/wp-json\/wp\/v2\/posts\/240670","targetHints":{"allow":["GET"]}}],"collection":[{"href":"https:\/\/www.europesays.com\/fr\/wp-json\/wp\/v2\/posts"}],"about":[{"href":"https:\/\/www.europesays.com\/fr\/wp-json\/wp\/v2\/types\/post"}],"author":[{"embeddable":true,"href":"https:\/\/www.europesays.com\/fr\/wp-json\/wp\/v2\/users\/2"}],"replies":[{"embeddable":true,"href":"https:\/\/www.europesays.com\/fr\/wp-json\/wp\/v2\/comments?post=240670"}],"version-history":[{"count":0,"href":"https:\/\/www.europesays.com\/fr\/wp-json\/wp\/v2\/posts\/240670\/revisions"}],"wp:featuredmedia":[{"embeddable":true,"href":"https:\/\/www.europesays.com\/fr\/wp-json\/wp\/v2\/media\/240671"}],"wp:attachment":[{"href":"https:\/\/www.europesays.com\/fr\/wp-json\/wp\/v2\/media?parent=240670"}],"wp:term":[{"taxonomy":"category","embeddable":true,"href":"https:\/\/www.europesays.com\/fr\/wp-json\/wp\/v2\/categories?post=240670"},{"taxonomy":"post_tag","embeddable":true,"href":"https:\/\/www.europesays.com\/fr\/wp-json\/wp\/v2\/tags?post=240670"}],"curies":[{"name":"wp","href":"https:\/\/api.w.org\/{rel}","templated":true}]}}