{"id":240681,"date":"2025-07-10T18:45:12","date_gmt":"2025-07-10T18:45:12","guid":{"rendered":"https:\/\/www.europesays.com\/fr\/240681\/"},"modified":"2025-07-10T18:45:12","modified_gmt":"2025-07-10T18:45:12","slug":"les-inquietudes-croissent-autour-de-la-nouvelle-taxe-sur-les-plus-aises","status":"publish","type":"post","link":"https:\/\/www.europesays.com\/fr\/240681\/","title":{"rendered":"les inqui\u00e9tudes croissent autour de la nouvelle taxe sur les plus ais\u00e9s"},"content":{"rendered":"<p><strong>D\u00c9CRYPTAGE &#8211;<\/strong> Le gouvernement peaufine depuis des mois une mesure visant \u00e0 taxer les patrimoines les plus importants.<\/p>\n<p class=\"fig-paragraph\">Serait-ce le retour de l\u2019ISF, sous une nouvelle identit\u00e9\u00a0? Le gouvernement semble bien d\u00e9cid\u00e9 \u00e0 cr\u00e9er un imp\u00f4t sur les \u00ab\u00a0hauts patrimoines\u00a0\u00bb. Un dispositif de taxation des plus ais\u00e9s\u00a0<a href=\"http:\/\/www.lefigaro.fr\/conjoncture\/comment-la-france-renoue-avec-sa-tradition-des-hausses-d-impots-20250709\" target=\"_blank\" data-fig-type=\"Article\" rel=\"noopener\" data-gtm-custom-categorie=\"navigation\" data-gtm-custom-action=\"crossclick\" data-gtm-custom-label=\"Contextuel\" data-gtm-event=\"customEventSPE\" data-fig-domain=\"LEFIGARO\">devrait en effet figurer dans le budget 2026<\/a>. Le gouvernement a d\u00e9j\u00e0 annonc\u00e9, il y a des mois, qu\u2019il planchait sur un m\u00e9canisme devant remplacer la contribution diff\u00e9rentielle sur les hauts revenus (CDHR). Mis en place cette ann\u00e9e, ce dispositif consiste en un imp\u00f4t plancher fix\u00e9 \u00e0 20\u00a0% des revenus pour les 65.000 m\u00e9nages les plus ais\u00e9s. Bercy voudrait le supprimer l\u2019an prochain pour cr\u00e9er un \u00ab\u00a0dispositif anti-suroptimisation fiscale\u00a0\u00bb, selon\u00a0<a href=\"http:\/\/www.lefigaro.fr\/politique\/amelie-de-montchalin-l-effort-budgetaire-que-nous-faisons-il-faudra-le-refaire-l-an-prochain-20250115\" data-fig-type=\"Article\" data-gtm-custom-categorie=\"navigation\" data-gtm-custom-action=\"crossclick\" data-gtm-custom-label=\"Contextuel\" data-gtm-event=\"customEventSPE\" data-fig-domain=\"LEFIGARO\" target=\"_blank\" rel=\"noopener\">l\u2019expression de la ministre des Comptes publics, Am\u00e9lie de\u00a0Montchalin<\/a>.<\/p>\n<p class=\"fig-paragraph\">Le gouvernement fa\u00e7onne ce nouveau pr\u00e9l\u00e8vement dans une atmosph\u00e8re budg\u00e9taire tendue, marqu\u00e9e par le retour dans le d\u00e9bat public d\u2019une id\u00e9e miracle selon certains\u00a0: \u00ab\u00a0taxer les riches\u00a0\u00bb. Une petite musique qui a fait sonner les t\u00e9l\u00e9phones des avocats fiscalistes plus que d\u2019habitude\u2026<\/p>\n<p class=\"fig-premium-paywall__infos\">\n        Cet article est r\u00e9serv\u00e9 aux abonn\u00e9s.        Il vous reste 84% \u00e0 d\u00e9couvrir.\n    <\/p>\n<p>                <img  data- alt=\"Le Figaro\" class=\"fig-img--complete fig-img\"\/><\/p>\n<p class=\"fig-premium-paywall__title\">Vous avez envie de lire la suite ?<\/p>\n<p class=\"fig-premium-paywall__subtitle\">D\u00e9bloquez tous les articles imm\u00e9diatement.<\/p>\n<p class=\"fig-premium-paywall__connect\">\n                D\u00e9j\u00e0 abonn\u00e9\u00a0?                <a class=\"fig-premium-paywall__connect-link\" href=\"https:\/\/connect.lefigaro.fr\/login?client=horizon_web&amp;type=main&amp;redirect_uri=https%3A%2F%2Fwww.lefigaro.fr%2Fconjoncture%2Fce-sera-un-retour-de-l-isf-les-inquietudes-croissent-autour-de-la-nouvelle-taxe-sur-les-plus-aises-20250710\" data-js-gtm=\"{&quot;customCategorie&quot;: &quot;conversion&quot;, &quot;customAction&quot;: &quot;before_Landing_Connexion_paywall_auto&quot;, &quot;customLabel&quot;: &quot;bGVmaWdhcm8uZnJfXzFmMDVjYmQ0LTE4MzEtNjE1MC04MTU2LTY3ZmYwZjM0YTNiNV9fQXJ0aWNsZQ==_\u00abCe sera un retour de l\u2019ISF\u00bb\u00a0: les inqui\u00e9tudes croissent autour de la nouvelle taxe sur les plus ais\u00e9s_285&quot;, &quot;customIDSPE&quot;: &quot;bGVmaWdhcm8uZnJfXzFmMDVjYmQ0LTE4MzEtNjE1MC04MTU2LTY3ZmYwZjM0YTNiNV9fQXJ0aWNsZQ==&quot;, &quot;event&quot;: &quot;customEventSPE&quot;}\" target=\"_blank\" rel=\"noopener\"><br \/>\n                    Connectez-vous<br \/>\n                <\/a>\n            <\/p>\n","protected":false},"excerpt":{"rendered":"D\u00c9CRYPTAGE &#8211; Le gouvernement peaufine depuis des mois une mesure visant \u00e0 taxer les patrimoines les plus importants.&hellip;\n","protected":false},"author":2,"featured_media":240682,"comment_status":"","ping_status":"","sticky":false,"template":"","format":"standard","meta":{"footnotes":""},"categories":[4],"tags":[11,526,1011,27,342,12,2551,25],"class_list":{"0":"post-240681","1":"post","2":"type-post","3":"status-publish","4":"format-standard","5":"has-post-thumbnail","7":"category-france","8":"tag-actualites","9":"tag-fiscalite","10":"tag-fr","11":"tag-france","12":"tag-impots","13":"tag-news","14":"tag-patrimoine","15":"tag-republique-francaise"},"share_on_mastodon":{"url":"https:\/\/pubeurope.com\/@fr\/114830424329357672","error":""},"_links":{"self":[{"href":"https:\/\/www.europesays.com\/fr\/wp-json\/wp\/v2\/posts\/240681","targetHints":{"allow":["GET"]}}],"collection":[{"href":"https:\/\/www.europesays.com\/fr\/wp-json\/wp\/v2\/posts"}],"about":[{"href":"https:\/\/www.europesays.com\/fr\/wp-json\/wp\/v2\/types\/post"}],"author":[{"embeddable":true,"href":"https:\/\/www.europesays.com\/fr\/wp-json\/wp\/v2\/users\/2"}],"replies":[{"embeddable":true,"href":"https:\/\/www.europesays.com\/fr\/wp-json\/wp\/v2\/comments?post=240681"}],"version-history":[{"count":0,"href":"https:\/\/www.europesays.com\/fr\/wp-json\/wp\/v2\/posts\/240681\/revisions"}],"wp:featuredmedia":[{"embeddable":true,"href":"https:\/\/www.europesays.com\/fr\/wp-json\/wp\/v2\/media\/240682"}],"wp:attachment":[{"href":"https:\/\/www.europesays.com\/fr\/wp-json\/wp\/v2\/media?parent=240681"}],"wp:term":[{"taxonomy":"category","embeddable":true,"href":"https:\/\/www.europesays.com\/fr\/wp-json\/wp\/v2\/categories?post=240681"},{"taxonomy":"post_tag","embeddable":true,"href":"https:\/\/www.europesays.com\/fr\/wp-json\/wp\/v2\/tags?post=240681"}],"curies":[{"name":"wp","href":"https:\/\/api.w.org\/{rel}","templated":true}]}}