{"id":240690,"date":"2025-07-10T18:52:10","date_gmt":"2025-07-10T18:52:10","guid":{"rendered":"https:\/\/www.europesays.com\/fr\/240690\/"},"modified":"2025-07-10T18:52:10","modified_gmt":"2025-07-10T18:52:10","slug":"la-reunion-sur-le-prix-de-leau-au-beausset-provoque-lhysterie","status":"publish","type":"post","link":"https:\/\/www.europesays.com\/fr\/240690\/","title":{"rendered":"La r\u00e9union sur le prix de l\u2019eau au Beausset provoque l\u2019hyst\u00e9rie"},"content":{"rendered":"<p>Le Beausset fr\u00f4le la crise de nerfs. Hyst\u00e9rie au pays de Manon des sources o\u00f9 le prix de l\u2019eau et les factures en forte hausse que doivent acquitter les Beaussetans \u00e9taient au c\u0153ur d\u2019une r\u00e9union publique sous tr\u00e8s haute tension, mercredi soir Espace Azur.<\/p>\n<p>Un dialogue de sourds qui a davantage attis\u00e9 les braises que convaincu, qu\u2019a tent\u00e9 d\u2019engager, dans la plus grande cacophonie malheureusement, la communaut\u00e9 d\u2019agglom\u00e9ration Sud Sainte Baume (\u00e0 qui la comp\u00e9tence eau et assainissement a \u00e9t\u00e9 transf\u00e9r\u00e9e en 2019) et la commune du Beausset avec le renfort de repr\u00e9sentants de Veolia, nouveau titulaire de la d\u00e9l\u00e9gation de service publique, sur le gril.<\/p>\n<p>\u00ab\u00a0Qu\u2019est-ce qu\u2019on fait? On ferme les portes et on organise une deuxi\u00e8me r\u00e9union?\u00a0\u00bb A 19h, alors que la salle Azur \u00e9tait archi-comble, remplie de Beaussetans et d\u2019usagers venus m\u00eame d\u2019autres communes, comme de Signes, \u00c9douard Friedler, le maire, est all\u00e9 \u00e0 la rencontre de la centaine de personnes mass\u00e9e \u00e0 l\u2019ext\u00e9rieur pour leur demander de patienter jusqu\u2019\u00e0 la tenue d\u2019une seconde r\u00e9union qui, a-t-il confirm\u00e9, sera organis\u00e9e jeudi 17 juillet \u00e0 19h, Espace Azur. Ambiance.<\/p>\n<p>Hu\u00e9es et interruptions<\/p>\n<p>\u00c0 l\u2019int\u00e9rieur, sur une estrade, face \u00e0 une foule remont\u00e9e, sous les hu\u00e9es et les interruptions virulentes, \u00e0 la limite de l\u2019insulte, Patrick Gabet, chef de mission promotion du territoire \u00e0 l\u2019agglo Sud Sainte Baume (CASSB), \u00c9douard Friedler, Jean-Paul Joseph, maire de Bandol et pr\u00e9sident de la CASSB \u00e0 la t\u00eate de laquelle il a succ\u00e9d\u00e9 d\u00e9but 2025 \u00e0 Blandine Monier, maire d\u2019\u00c9venos, pr\u00e9sente \u00e0 ses c\u00f4t\u00e9s, et trois d\u00e9l\u00e9gu\u00e9s de Veolia (1) ont tent\u00e9 jusqu\u2019au bout de rassurer et d\u2019apaiser en d\u00e9roulant leurs arguments avec la projection d\u2019un diaporama en support.<\/p>\n<p>En vain. Sans r\u00e9ussir \u00e0 convaincre. Sous une salve d\u2019interruptions. \u00ab\u00a0Soyez honn\u00eate! Arr\u00eatez de nous mentir! Vous pouvez expliquer ce que vous voulez mais vous doublez le prix de l\u2019eau! On sait compter! Je subis une augmentation de 285%! Pourquoi la gestion n\u2019est-elle plus communale? Vous \u00eates de mauvais gestionnaires!\u00a0\u00bb Tandis que dans force \u00e9clats de voix, l\u2019affaire tournait m\u00eame au r\u00e8glement de comptes politique entre \u00c9douard Friedler et son opposant Claude Alimi, \u00e0 l\u2019ext\u00e9rieur, un intervenant s\u2019adressait \u00e0 la foule en argumentant en faveur de la cr\u00e9ation d\u2019un collectif de d\u00e9fense des usagers.<\/p>\n<p>Leur facture d\u2019eau \u00e0 la main, plusieurs Beaussetans se pr\u00e9sentaient devant l\u2019estrade o\u00f9 ils interpellaient directement \u00e9lus et d\u00e9l\u00e9gu\u00e9 de Veolia qui, \u00e0 21h, r\u00e9pondaient individuellement aux questions alors que la salle se vidait.<\/p>\n<p>1. Les repr\u00e9sentants de Veolia: Yannick Bailbl\u00e9, pr\u00e9sident du d\u00e9veloppement territoire Var Provence M\u00e9diterran\u00e9e, Laurent Jeanselme, directeur consommateurs, et Sonia Domergue, manager op\u00e9rationnelle.<\/p>\n<p>            \u00ab\u00a0Liss\u00e9e sur 2025, l\u2019augmentation sera l\u00e9g\u00e8re\u00a0\u00bb<\/p>\n<p>Les prochaines factures d\u2019eau, en d\u00e9cembre 2025, seront scrut\u00e9es \u00e0 la loupe. Hier les intervenants ont tent\u00e9 d\u2019expliquer pourquoi la derni\u00e8re, une facture de d\u00e9marrage, \u00e9tait aussi \u00e9lev\u00e9e et de rassurer les usagers sur les suivantes.<\/p>\n<p>\u00ab On demande aux gens de payer l\u2019\u00e9quivalent de quatre factures d\u2019un coup \u00bb, d\u00e9samorce Patrick Gabet, chef de mission promotion du territoire \u00e0 l\u2019agglo Sud Sainte Baume (CASSB). Avec des difficult\u00e9s \u00e0 se faire entendre, Jean-Paul Joseph, pr\u00e9sident de la CASSB, est d\u2019abord revenu sur l\u2019historique, justifiant le choix d\u2019une d\u00e9l\u00e9gation de service public, expliquant en substance que l\u2019agglo, \u00e0 qui est revenu l\u2019exercice de la comp\u00e9tence, n\u2019\u00e9tait pas en capacit\u00e9 de g\u00e9rer l\u2019eau et l\u2019assainissement sur son territoire. Un domaine souffrant \u00ab d\u2019un retard d\u2019investissements depuis plusieurs d\u00e9cennies et dans lequel 17 millions d\u2019euros de travaux vont \u00eatre engag\u00e9s sur sept ans \u00bb.<\/p>\n<p><strong>Le prix du m3 d\u2019eau a baiss\u00e9<\/strong><\/p>\n<p>Dans les faits, la premi\u00e8re facture de Veolia regroupe le paiement de la part de l\u2019abonnement d\u00fb \u00e0 l\u2019agglo et \u00e0 Veolia. Des abonnements d\u00e9sormais regroup\u00e9s qui courent de novembre 2024 \u00e0 mai 2025. Mais aussi le paiement, en avance, de l\u2019abonnement qui court du 1er juin au 31 d\u00e9cembre 2025. A cela s\u2019ajoute, le rattrapage de consommation de novembre 2024 \u00e0 mai de cette ann\u00e9e, avec m\u00eame, une baisse du prix du m\u00eatre cube d\u2019eau. Enfin, les parts eau potable et assainissement sont maintenant regroup\u00e9es sur une m\u00eame facture alors qu\u2019auparavant il y a avait deux mois de d\u00e9calage entre elles.<\/p>\n<p>\u00ab Liss\u00e9e sur l\u2019ann\u00e9e, l\u2019augmentation globale sera l\u00e9g\u00e8re \u00bb, promet Jean-Paul Joseph. De l\u2019ordre de plus 2,45 euros HT par mois pour une famille qui vit dans 120 m2. Par ailleurs des reports de l\u2019\u00e9ch\u00e9ance de paiement pourront \u00eatre accord\u00e9s, avec possibilit\u00e9 de paiement \u00e9chelonn\u00e9, de m\u00eame que les p\u00e9nalit\u00e9s de retard seront supprim\u00e9es. Un fonds de solidarit\u00e9 eau a enfin \u00e9t\u00e9 activ\u00e9 au niveau des CCAS.<\/p>\n","protected":false},"excerpt":{"rendered":"Le Beausset fr\u00f4le la crise de nerfs. Hyst\u00e9rie au pays de Manon des sources o\u00f9 le prix de&hellip;\n","protected":false},"author":2,"featured_media":240691,"comment_status":"","ping_status":"","sticky":false,"template":"","format":"standard","meta":{"footnotes":""},"categories":[9619],"tags":[1111,11,1777,674,1011,27,12,882,25,2310,3366],"class_list":{"0":"post-240690","1":"post","2":"type-post","3":"status-publish","4":"format-standard","5":"has-post-thumbnail","7":"category-toulon","8":"tag-actu","9":"tag-actualites","10":"tag-eu","11":"tag-europe","12":"tag-fr","13":"tag-france","14":"tag-news","15":"tag-provence-alpes-cote-dazur","16":"tag-republique-francaise","17":"tag-toulon","18":"tag-vie-locale"},"share_on_mastodon":{"url":"https:\/\/pubeurope.com\/@fr\/114830451846037370","error":""},"_links":{"self":[{"href":"https:\/\/www.europesays.com\/fr\/wp-json\/wp\/v2\/posts\/240690","targetHints":{"allow":["GET"]}}],"collection":[{"href":"https:\/\/www.europesays.com\/fr\/wp-json\/wp\/v2\/posts"}],"about":[{"href":"https:\/\/www.europesays.com\/fr\/wp-json\/wp\/v2\/types\/post"}],"author":[{"embeddable":true,"href":"https:\/\/www.europesays.com\/fr\/wp-json\/wp\/v2\/users\/2"}],"replies":[{"embeddable":true,"href":"https:\/\/www.europesays.com\/fr\/wp-json\/wp\/v2\/comments?post=240690"}],"version-history":[{"count":0,"href":"https:\/\/www.europesays.com\/fr\/wp-json\/wp\/v2\/posts\/240690\/revisions"}],"wp:featuredmedia":[{"embeddable":true,"href":"https:\/\/www.europesays.com\/fr\/wp-json\/wp\/v2\/media\/240691"}],"wp:attachment":[{"href":"https:\/\/www.europesays.com\/fr\/wp-json\/wp\/v2\/media?parent=240690"}],"wp:term":[{"taxonomy":"category","embeddable":true,"href":"https:\/\/www.europesays.com\/fr\/wp-json\/wp\/v2\/categories?post=240690"},{"taxonomy":"post_tag","embeddable":true,"href":"https:\/\/www.europesays.com\/fr\/wp-json\/wp\/v2\/tags?post=240690"}],"curies":[{"name":"wp","href":"https:\/\/api.w.org\/{rel}","templated":true}]}}