{"id":240698,"date":"2025-07-10T18:56:12","date_gmt":"2025-07-10T18:56:12","guid":{"rendered":"https:\/\/www.europesays.com\/fr\/240698\/"},"modified":"2025-07-10T18:56:12","modified_gmt":"2025-07-10T18:56:12","slug":"rouen-ils-depouillent-des-voitures-pour-un-juteux-trafic-sur-snapchat","status":"publish","type":"post","link":"https:\/\/www.europesays.com\/fr\/240698\/","title":{"rendered":"Rouen. Ils d\u00e9pouillent des voitures pour un juteux trafic sur Snapchat"},"content":{"rendered":"<p>            Par<br \/>\n        <strong><br \/>\n            <a href=\"https:\/\/actu.fr\/auteur\/adrien-tisserand\" title=\"Consulter tous les articles de Adrien Tisserand\" rel=\"nofollow noopener\" target=\"_blank\">Adrien Tisserand<\/a><br \/>\n        <\/strong><\/p>\n<p>        Publi\u00e9 le<\/p>\n<p>            10 juil. 2025 \u00e0 20h40        <\/p>\n<p>Du 1er octobre 2024 au 21 mai 2025, 85 victimes se sont vues <strong>d\u00e9rober des accessoires<\/strong> <strong>automobiles<\/strong>, pr\u00e8s de <a href=\"https:\/\/actu.fr\/normandie\/rouen_76540\" rel=\"nofollow noopener\" target=\"_blank\">Rouen<\/a>. Parmi les objets vol\u00e9s, on retrouve principalement des jantes, mais aussi des crics, des roues de secours, etc. Les vols sont commis avec des <strong>d\u00e9gradations<\/strong> sur les v\u00e9hicules (custodes bris\u00e9es, antivols cass\u00e9s, parfois des rayures ou des vitres bris\u00e9es). Les suspects de ces vols \u00e9taient jug\u00e9s au tribunal de Rouen ce mercredi 9 juillet 2025.<\/p>\n<p>Un pr\u00e9judice mat\u00e9riel important<\/p>\n<p class=\" wall-content\">\u00c0 l\u2019audience, les victimes pr\u00e9sentes r\u00e9clament chacune plusieurs centaines d\u2019euros de pr\u00e9judice moral et mat\u00e9riel. Leur v\u00e9hicule a d\u00fb \u00eatre immobilis\u00e9 parfois plusieurs semaines, avec des cons\u00e9quences sur leur vie professionnelle et personnelle. Le <strong>pr\u00e9judice total est estim\u00e9 \u00e0 200 000 euros.\u00a0<\/strong><\/p>\n<p class=\" wall-content\">Les pr\u00e9venus sont au nombre de quatre et se connaissent : trois d\u2019entre eux, des jeunes hommes, sont <strong>accus\u00e9s de vols avec d\u00e9gradation et en r\u00e9union <\/strong>avec le cousin de l\u2019un d\u2019eux, mineur. Deux sont en d\u00e9tention provisoire, Youssef* et Rayane*.<\/p>\n<p class=\" wall-content\">L\u2019autre, Nathan*, est sous contr\u00f4le judiciaire. Il est accus\u00e9 d\u2019avoir particip\u00e9 aux vols d\u2019octobre \u00e0 d\u00e9cembre 2024. Il dit \u00ab\u00a0\u00eatre un simple ex\u00e9cutant\u00a0\u00bb et reconnait le faire \u00ab\u00a0pour gagner un peu d\u2019argent\u00a0\u00bb. Ensemble, ils ont mont\u00e9 un <strong>trafic de revente de jantes<\/strong>, organis\u00e9 via l\u2019application Snapchat. Youssef affirme qu\u2019il pouvait toucher jusqu\u2019\u00e0 \u00ab\u00a0200 euros\u00a0\u00bb par jante.\u00a0<\/p>\n<p>Toujours le m\u00eame mode op\u00e9ratoire<\/p>\n<p class=\" wall-content\">Le mode op\u00e9ratoire utilis\u00e9 par les trois hommes est r\u00e9p\u00e9t\u00e9 et \u00ab\u00a0professionnel\u00a0\u00bb : ils se rejoignent au milieu de la nuit (g\u00e9n\u00e9ralement entre 1 heure et 7 heures du matin) devant le domicile de Youssef, puis <strong>ciblent des zones r\u00e9sidentielles calmes<\/strong> dans l\u2019agglom\u00e9ration de Rouen. Des communes telles que Montville, Franqueville Saint-Pierre, Boos ou encore Barentin ont \u00e9t\u00e9 vis\u00e9es.<\/p>\n<p class=\" wall-content\">Une fois sur place, ils d\u00e9montent des <strong>pi\u00e8ces de certains mod\u00e8les<\/strong> de voitures : surtout des Peugeot 2008, 3008 ou des Mercedes. \u00ab\u00a0\u00c7a se revend mieux\u00a0\u00bb, reconnait Youssef. Ils peuvent commettre <strong>jusqu\u2019\u00e0 10 vols par nuit<\/strong> puis rentrent au petit matin avec leur butin.<\/p>\n<p>Des pr\u00e9venus d\u00e9sinvoltes \u00e0 l\u2019audience\u00a0<\/p>\n<p class=\" wall-content\">La quatri\u00e8me pr\u00e9venue, Selma*, est la compagne de Rayane. Elle est accus\u00e9e de conduite sans permis et de <strong>recel de biens vol\u00e9s<\/strong>. \u00c0 l\u2019audience, elle change de version par rapport \u00e0 sa garde \u00e0 vue et affirme cette fois \u00ab\u00a0avoir assist\u00e9 aux transactions, mais ne pas participer\u00a0\u00bb. Les roues vol\u00e9es \u00e9taient pourtant entrepos\u00e9es \u00e0 son domicile, o\u00f9 elle vivait avec Rayane.<\/p>\n<p class=\" wall-content\">\u00c0 la barre, les explications des autres pr\u00e9venus sont balbutiantes : Rayane ne cesse de r\u00e9p\u00e9ter qu\u2019il \u00ab\u00a0maintient les d\u00e9clarations faites aux enqu\u00eateurs\u00a0\u00bb. Il affirme ne pas connaitre Youssef et Nathan et <strong>ne pas avoir \u00e9t\u00e9 l\u00e0 au moment des faits<\/strong>. Pourtant, son t\u00e9l\u00e9phone borne \u00e0 chaque fois sur les lieux, son ADN est aussi retrouv\u00e9 sur une boite \u00e0 gants, par exemple. <a href=\"https:\/\/actu.fr\/normandie\/rouen_76540\/quand-les-cameras-permettent-de-pister-les-depouilleurs-de-voitures-a-rouen_62512274.html\" rel=\"nofollow noopener\" target=\"_blank\">Les cam\u00e9ras de surveillance<\/a> ont aussi permis de les identifier \u00e0 plusieurs reprises.\u00a0<\/p>\n<p>\u00ab\u00a0Ce n\u2019est pas un jeu\u00a0\u00bb<\/p>\n<p class=\" wall-content\">Le minist\u00e8re public rappelle que \u00ab\u00a0le <strong>nombre de faits est cons\u00e9quent<\/strong> et impose la culpabilit\u00e9\u00a0\u00bb. Il souligne que \u00ab\u00a0les pr\u00e9venus sont incapables de s\u2019expliquer\u00a0\u00bb et que leurs <strong>justifications sont minimes ou partielles<\/strong> : \u00ab\u00a0Dire que son t\u00e9l\u00e9phone a \u00e9t\u00e9 vol\u00e9, ne borne pas ou que les vols n\u2019ont pas \u00e9t\u00e9 commis, ce n\u2019est pas possible\u00a0\u00bb.\u00a0<\/p>\n<p class=\" wall-content\">La d\u00e9fense de Rayane plaide une \u00ab\u00a0peine ferme mais bienveillante\u00a0\u00bb, bien que son client ait d\u00e9j\u00e0 \u00e9t\u00e9 incarc\u00e9r\u00e9 pendant un an et demi pour une affaire similaire. La d\u00e9fense de Youssef demande \u00e0 \u00ab\u00a0ne pas juger au poids, malgr\u00e9 le nombre de faits reproch\u00e9s\u00a0\u00bb. Il d\u00e9clare : \u00ab\u00a0trois ans de prison pour du vol de jantes, c\u2019est beaucoup. Il faut une <strong>\u00e9chelle des peines<\/strong>\u00ab\u00a0.\u00a0<\/p>\n<p class=\" wall-content\">Le minist\u00e8re public requiert six mois d\u2019emprisonnement assorti d\u2019un sursis de deux ans pour Selma, six mois d\u2019emprisonnement avec un am\u00e9nagement de la peine pour Nathan, deux ans d\u2019emprisonnement pour Rayane, et dix-huit mois d\u2019emprisonnement avec une r\u00e9vocation du sursis probatoire pour Youssef. Le <strong>d\u00e9lib\u00e9r\u00e9 sera rendu le 21 juillet<\/strong> prochain.\u00a0<\/p>\n<p>*Les pr\u00e9noms ont \u00e9t\u00e9 modifi\u00e9s<\/p>\n<p>**Tout justiciable demeure pr\u00e9sum\u00e9 innocent tant que toutes les voies de recours n\u2019ont pas \u00e9t\u00e9 \u00e9puis\u00e9es<\/p>\n<p>Suivez l\u2019actualit\u00e9 de Rouen <a href=\"https:\/\/www.whatsapp.com\/channel\/0029VaKfnf99hXF2ddApFB1D\" rel=\"nofollow noopener\" target=\"_blank\">sur notre cha\u00eene WhatsApp<\/a> et <a href=\"https:\/\/www.tiktok.com\/@76actu.fr?lang=fr\" rel=\"nofollow noopener\" target=\"_blank\">sur notre compte TikTok<\/a><\/p>\n<p class=\" wall-content\">Suivez toute l\u2019actualit\u00e9 de vos villes et m\u00e9dias favoris en vous inscrivant \u00e0 <a href=\"https:\/\/moncompte.actu.fr\" title=\"D\u00e9couvez Mon Actu\" rel=\"nofollow noopener\" data-trk=\"{&quot;cta&quot;:{&quot;action&quot;:&quot;https:\\\/\\\/moncompte.actu.fr&quot;,&quot;category&quot;:&quot;mon compte&quot;,&quot;from&quot;:&quot;article footer&quot;,&quot;name&quot;:&quot;Mon actu&quot;,&quot;type&quot;:&quot;cta&quot;}}\" target=\"_blank\">Mon Actu<\/a>.<\/p>\n<ul class=\"ac-article-tag wall-content\">\n<li><a href=\"https:\/\/actu.fr\/tag\/justice\" data-trk=\"{&quot;cta&quot;:{&quot;action&quot;:&quot;Justice&quot;,&quot;category&quot;:&quot;tag&quot;,&quot;from&quot;:&quot;article footer&quot;,&quot;name&quot;:&quot;Justice&quot;,&quot;type&quot;:&quot;cta&quot;}}\" rel=\"nofollow noopener\" target=\"_blank\">#Justice<\/a><\/li>\n<li><a href=\"https:\/\/actu.fr\/tag\/tribunal-de-rouen\" data-trk=\"{&quot;cta&quot;:{&quot;action&quot;:&quot;Tribunal de Rouen&quot;,&quot;category&quot;:&quot;tag&quot;,&quot;from&quot;:&quot;article footer&quot;,&quot;name&quot;:&quot;Tribunal de Rouen&quot;,&quot;type&quot;:&quot;cta&quot;}}\" rel=\"nofollow noopener\" target=\"_blank\">#Tribunal de Rouen<\/a><\/li>\n<\/ul>\n<p>                    <script async src=\"\/\/www.tiktok.com\/embed.js\"><\/script><\/p>\n","protected":false},"excerpt":{"rendered":"Par Adrien Tisserand Publi\u00e9 le 10 juil. 2025 \u00e0 20h40 Du 1er octobre 2024 au 21 mai 2025,&hellip;\n","protected":false},"author":2,"featured_media":240699,"comment_status":"","ping_status":"","sticky":false,"template":"","format":"standard","meta":{"footnotes":""},"categories":[9587],"tags":[1111,11,1777,674,118,1011,27,303,12,5161,25,9590,13682],"class_list":{"0":"post-240698","1":"post","2":"type-post","3":"status-publish","4":"format-standard","5":"has-post-thumbnail","7":"category-rouen","8":"tag-actu","9":"tag-actualites","10":"tag-eu","11":"tag-europe","12":"tag-faits-divers","13":"tag-fr","14":"tag-france","15":"tag-justice","16":"tag-news","17":"tag-normandie","18":"tag-republique-francaise","19":"tag-rouen","20":"tag-tribunal-de-rouen"},"share_on_mastodon":{"url":"https:\/\/pubeurope.com\/@fr\/114830467713833313","error":""},"_links":{"self":[{"href":"https:\/\/www.europesays.com\/fr\/wp-json\/wp\/v2\/posts\/240698","targetHints":{"allow":["GET"]}}],"collection":[{"href":"https:\/\/www.europesays.com\/fr\/wp-json\/wp\/v2\/posts"}],"about":[{"href":"https:\/\/www.europesays.com\/fr\/wp-json\/wp\/v2\/types\/post"}],"author":[{"embeddable":true,"href":"https:\/\/www.europesays.com\/fr\/wp-json\/wp\/v2\/users\/2"}],"replies":[{"embeddable":true,"href":"https:\/\/www.europesays.com\/fr\/wp-json\/wp\/v2\/comments?post=240698"}],"version-history":[{"count":0,"href":"https:\/\/www.europesays.com\/fr\/wp-json\/wp\/v2\/posts\/240698\/revisions"}],"wp:featuredmedia":[{"embeddable":true,"href":"https:\/\/www.europesays.com\/fr\/wp-json\/wp\/v2\/media\/240699"}],"wp:attachment":[{"href":"https:\/\/www.europesays.com\/fr\/wp-json\/wp\/v2\/media?parent=240698"}],"wp:term":[{"taxonomy":"category","embeddable":true,"href":"https:\/\/www.europesays.com\/fr\/wp-json\/wp\/v2\/categories?post=240698"},{"taxonomy":"post_tag","embeddable":true,"href":"https:\/\/www.europesays.com\/fr\/wp-json\/wp\/v2\/tags?post=240698"}],"curies":[{"name":"wp","href":"https:\/\/api.w.org\/{rel}","templated":true}]}}