{"id":240700,"date":"2025-07-10T18:57:13","date_gmt":"2025-07-10T18:57:13","guid":{"rendered":"https:\/\/www.europesays.com\/fr\/240700\/"},"modified":"2025-07-10T18:57:13","modified_gmt":"2025-07-10T18:57:13","slug":"rouen-pourquoi-le-projet-de-musee-au-chai-a-vin-risque-de-prendre-encore-du-retard","status":"publish","type":"post","link":"https:\/\/www.europesays.com\/fr\/240700\/","title":{"rendered":"Rouen. Pourquoi le projet de mus\u00e9e au chai \u00e0 vin risque de prendre (encore) du retard"},"content":{"rendered":"<p>            Par<br \/>\n        <strong><br \/>\n            <a href=\"https:\/\/actu.fr\/auteur\/thomas-rideau\" title=\"Consulter tous les articles de Thomas Rideau\" rel=\"nofollow noopener\" target=\"_blank\">Thomas Rideau<\/a><br \/>\n        <\/strong><\/p>\n<p>        Publi\u00e9 le<\/p>\n<p>            10 juil. 2025 \u00e0 20h02        <\/p>\n<p>Encore <strong>un petit accroc<\/strong> pour le chai \u00e0 vin\u2009? Le projet de mus\u00e9e ou de \u00ab\u2009p\u00f4le culturel\u2009\u00bb va attendre. <strong>Une petite ligne budg\u00e9taire<\/strong> \u00e9tait pr\u00e9sente, lors du dernier conseil m\u00e9tropolitain de <a href=\"https:\/\/actu.fr\/normandie\/rouen_76540\" rel=\"nofollow noopener\" target=\"_blank\">Rouen (Seine-Maritime)<\/a> du 30 juin 2025, avant d\u2019\u00eatre enlev\u00e9e au dernier moment. <strong>20 millions d\u2019euros<\/strong> pour le chai \u00e0 vin \u00e9taient en effet inscrits dans le cadre du budget suppl\u00e9mentaire. On vous explique pourquoi le projet a pris un peu de retard.<\/p>\n<p>Une ligne budg\u00e9taire de 20 millions d\u2019euros qui dispara\u00eet<\/p>\n<p class=\" wall-content\"><a href=\"https:\/\/actu.fr\/normandie\/rouen_76540\/pourquoi-le-festival-electro-dans-le-chai-a-vin-a-rouen-est-annule_655255.html\" rel=\"nofollow noopener\" target=\"_blank\">Festival \u00e9lectro<\/a> ? <a href=\"https:\/\/actu.fr\/normandie\/rouen_76540\/construction-d-un-casino-a-rouen-le-projet-abandonne-des-elus-montent-au-creneau_38552801.html\" rel=\"nofollow noopener\" target=\"_blank\">Casino<\/a>\u2009? Le<strong> chai \u00e0 vin<\/strong> se cherche-t-il encore\u2009? A priori, la M\u00e9tropole s\u2019est arr\u00eat\u00e9e sur un projet culturel o\u00f9 il sera question d\u2019exposition d\u2019\u0153uvres, et pourquoi pas en partenariat avec le mus\u00e9e d\u2019art moderne de Paris.<\/p>\n<p class=\" wall-content\">Son ouverture au public est estim\u00e9e \u00e0 <a href=\"https:\/\/actu.fr\/normandie\/rouen_76540\/un-projet-a-15-millions-on-en-sait-un-peu-plus-sur-le-futur-du-chai-a-vin-a-rouen_62151449.html\" rel=\"nofollow noopener\" target=\"_blank\">\u00ab\u2009la fin de la d\u00e9cennie\u2009\u00bb<\/a>, indiquait Laurence Renou, vice-pr\u00e9sidente de la M\u00e9tropole en charge de la culture, \u00e0\u00a076actu.<\/p>\n<p>En zone inondable<\/p>\n<p class=\" wall-content\">Il devait en tout cas faire un pas de g\u00e9ant, en ce sens, lors du dernier conseil m\u00e9tropolitain, 32 ans apr\u00e8s avoir \u00e9t\u00e9 vid\u00e9 de toutes activit\u00e9s. Des \u00e9tudes devaient \u00eatre lanc\u00e9es, mais rien n\u2019a \u00e9t\u00e9 tout \u00e0 fait act\u00e9. En effet, alors que les \u00e9lus s\u2019appr\u00eataient \u00e0 voter cette somme de 20 millions d\u2019euros pour le chai, la ligne budg\u00e9taire a disparu du conseil.<\/p>\n<p class=\" wall-content\">Et pour cause, le chai \u00e0 vin, situ\u00e9 sur l\u2019esplanade Saint-Gervais, derri\u00e8re le hangar 23 se trouve dans une zone d\u00e9licate et surtout inondable. \u00ab\u2009La r\u00e9vision du PPRI (risques inondations) \u00e9tant en cours d\u2019ici \u00e0 2026, il \u00e9tait important d\u2019attendre de conna\u00eetre les cons\u00e9quences d\u2019une telle r\u00e9vision sur le projet du chai,<strong> tr\u00e8s expos\u00e9 du fait de sa localisation<\/strong>\u2009\u00bb, pr\u00e9cise la M\u00e9tropole de Rouen \u00e0 76actu.<\/p>\n<p class=\" wall-content\">Aucune date de report n\u2019a \u00e9t\u00e9 communiqu\u00e9e pour le moment. Mais la naissance de la nouvelle vie de l\u2019ancien plus grand chai \u00e0 vin d\u2019Europe se fait dans la difficult\u00e9.<\/p>\n<p>Suivez l\u2019actualit\u00e9 de Rouen <a href=\"https:\/\/www.whatsapp.com\/channel\/0029VaKfnf99hXF2ddApFB1D\" rel=\"nofollow noopener\" target=\"_blank\">sur notre cha\u00eene WhatsApp<\/a> et <a href=\"https:\/\/www.tiktok.com\/@76actu.fr?lang=fr\" rel=\"nofollow noopener\" target=\"_blank\">sur notre compte TikTok<\/a><\/p>\n<p class=\" wall-content\">Suivez toute l\u2019actualit\u00e9 de vos villes et m\u00e9dias favoris en vous inscrivant \u00e0 <a href=\"https:\/\/moncompte.actu.fr\" title=\"D\u00e9couvez Mon Actu\" rel=\"nofollow noopener\" data-trk=\"{&quot;cta&quot;:{&quot;action&quot;:&quot;https:\\\/\\\/moncompte.actu.fr&quot;,&quot;category&quot;:&quot;mon compte&quot;,&quot;from&quot;:&quot;article footer&quot;,&quot;name&quot;:&quot;Mon actu&quot;,&quot;type&quot;:&quot;cta&quot;}}\" target=\"_blank\">Mon Actu<\/a>.<\/p>\n<p>                    <script async src=\"\/\/www.tiktok.com\/embed.js\"><\/script><\/p>\n","protected":false},"excerpt":{"rendered":"Par Thomas Rideau Publi\u00e9 le 10 juil. 2025 \u00e0 20h02 Encore un petit accroc pour le chai \u00e0&hellip;\n","protected":false},"author":2,"featured_media":240701,"comment_status":"","ping_status":"","sticky":false,"template":"","format":"standard","meta":{"footnotes":""},"categories":[9587],"tags":[1111,11,1777,674,1011,27,1757,1652,12,5161,2551,25,9590],"class_list":{"0":"post-240700","1":"post","2":"type-post","3":"status-publish","4":"format-standard","5":"has-post-thumbnail","7":"category-rouen","8":"tag-actu","9":"tag-actualites","10":"tag-eu","11":"tag-europe","12":"tag-fr","13":"tag-france","14":"tag-insolite","15":"tag-loisirs-culture","16":"tag-news","17":"tag-normandie","18":"tag-patrimoine","19":"tag-republique-francaise","20":"tag-rouen"},"share_on_mastodon":{"url":"https:\/\/pubeurope.com\/@fr\/114830471512845026","error":""},"_links":{"self":[{"href":"https:\/\/www.europesays.com\/fr\/wp-json\/wp\/v2\/posts\/240700","targetHints":{"allow":["GET"]}}],"collection":[{"href":"https:\/\/www.europesays.com\/fr\/wp-json\/wp\/v2\/posts"}],"about":[{"href":"https:\/\/www.europesays.com\/fr\/wp-json\/wp\/v2\/types\/post"}],"author":[{"embeddable":true,"href":"https:\/\/www.europesays.com\/fr\/wp-json\/wp\/v2\/users\/2"}],"replies":[{"embeddable":true,"href":"https:\/\/www.europesays.com\/fr\/wp-json\/wp\/v2\/comments?post=240700"}],"version-history":[{"count":0,"href":"https:\/\/www.europesays.com\/fr\/wp-json\/wp\/v2\/posts\/240700\/revisions"}],"wp:featuredmedia":[{"embeddable":true,"href":"https:\/\/www.europesays.com\/fr\/wp-json\/wp\/v2\/media\/240701"}],"wp:attachment":[{"href":"https:\/\/www.europesays.com\/fr\/wp-json\/wp\/v2\/media?parent=240700"}],"wp:term":[{"taxonomy":"category","embeddable":true,"href":"https:\/\/www.europesays.com\/fr\/wp-json\/wp\/v2\/categories?post=240700"},{"taxonomy":"post_tag","embeddable":true,"href":"https:\/\/www.europesays.com\/fr\/wp-json\/wp\/v2\/tags?post=240700"}],"curies":[{"name":"wp","href":"https:\/\/api.w.org\/{rel}","templated":true}]}}