{"id":240704,"date":"2025-07-10T18:59:10","date_gmt":"2025-07-10T18:59:10","guid":{"rendered":"https:\/\/www.europesays.com\/fr\/240704\/"},"modified":"2025-07-10T18:59:10","modified_gmt":"2025-07-10T18:59:10","slug":"un-blesse-grave-lautoroute-coupee-dans-les-deux-sens-et-des-vehicules-bloques","status":"publish","type":"post","link":"https:\/\/www.europesays.com\/fr\/240704\/","title":{"rendered":"un bless\u00e9 grave, l&rsquo;autoroute coup\u00e9e dans les deux sens et des v\u00e9hicules bloqu\u00e9s"},"content":{"rendered":"<p class=\"insetTitle\">Les recommandations de circulation<\/p>\n<p>            Dans le sens Grenoble-Valence<\/p>\n<p>L&rsquo;A49, entre Grenoble et Valence, en direction de Valence, est coup\u00e9e. Il est demand\u00e9 aux usagers d&rsquo;\u00e9viter ce secteur.<\/p>\n<p>Pour cela, \u00e0 partir de la r\u00e9gion grenobloise, il faut rejoindre Valence par Lyon suivant la signalisation mise en place.<\/p>\n<p>Cet itin\u00e9raire autoroutier engendre un allongement de parcours de moins de 100 km et un surcout de p\u00e9age.<\/p>\n<p>Il est demand\u00e9 aux usagers en provenance de Chamb\u00e9ry et \u00e0 destination de Valence d&rsquo;\u00e9viter ce secteur.\u00a0<\/p>\n<p>Pour cela, il faut suivre la signalisation mise en place qui consiste \u00e0 rejoindre Valence par Lyon \u00e0 partir de la Tour du Pin.<\/p>\n<p>Cet itin\u00e9raire emprunte l&rsquo;A43, le contournement Est A46S puis l&rsquo;A7.<\/p>\n<p>Il engendre un allongement de parcours de 20 km.\u00a0<\/p>\n<p>Dans le sens Valence-Grenoble<\/p>\n<p>L&rsquo;A49 est coup\u00e9e en direction de Grenoble. Il est demand\u00e9 aux usagers d&rsquo;\u00e9viter ce secteur.<\/p>\n<p>Pour cela, il faut suivre la signalisation mise en place qui consiste \u00e0 partir de l&rsquo;A7 depuis Valence \u00e0 rejoindre Grenoble par Lyon.<\/p>\n<p>Cet itin\u00e9raire autoroutier est plus long d&rsquo;environ 100 km et g\u00e9n\u00e8re un surco\u00fbt de p\u00e9age.<\/p>\n","protected":false},"excerpt":{"rendered":"Les recommandations de circulation Dans le sens Grenoble-Valence L&rsquo;A49, entre Grenoble et Valence, en direction de Valence, est&hellip;\n","protected":false},"author":2,"featured_media":240705,"comment_status":"","ping_status":"","sticky":false,"template":"","format":"standard","meta":{"footnotes":""},"categories":[9566],"tags":[119,1111,11,2430,2730,2735,114,1777,674,274,107,1011,27,2731,108,12,25,38021,2733],"class_list":{"0":"post-240704","1":"post","2":"type-post","3":"status-publish","4":"format-standard","5":"has-post-thumbnail","7":"category-grenoble","8":"tag-accident","9":"tag-actu","10":"tag-actualites","11":"tag-auvergne-rhone-alpes","12":"tag-drome","13":"tag-edition-valence-rhone-crussol-vallee-de-la-drome","14":"tag-edition-voiron-saint-marcellin","15":"tag-eu","16":"tag-europe","17":"tag-faits-divers-justice","18":"tag-fil-info","19":"tag-fr","20":"tag-france","21":"tag-grenoble","22":"tag-isere","23":"tag-news","24":"tag-republique-francaise","25":"tag-tullins","26":"tag-valence"},"share_on_mastodon":{"url":"https:\/\/pubeurope.com\/@fr\/114830479441509224","error":""},"_links":{"self":[{"href":"https:\/\/www.europesays.com\/fr\/wp-json\/wp\/v2\/posts\/240704","targetHints":{"allow":["GET"]}}],"collection":[{"href":"https:\/\/www.europesays.com\/fr\/wp-json\/wp\/v2\/posts"}],"about":[{"href":"https:\/\/www.europesays.com\/fr\/wp-json\/wp\/v2\/types\/post"}],"author":[{"embeddable":true,"href":"https:\/\/www.europesays.com\/fr\/wp-json\/wp\/v2\/users\/2"}],"replies":[{"embeddable":true,"href":"https:\/\/www.europesays.com\/fr\/wp-json\/wp\/v2\/comments?post=240704"}],"version-history":[{"count":0,"href":"https:\/\/www.europesays.com\/fr\/wp-json\/wp\/v2\/posts\/240704\/revisions"}],"wp:featuredmedia":[{"embeddable":true,"href":"https:\/\/www.europesays.com\/fr\/wp-json\/wp\/v2\/media\/240705"}],"wp:attachment":[{"href":"https:\/\/www.europesays.com\/fr\/wp-json\/wp\/v2\/media?parent=240704"}],"wp:term":[{"taxonomy":"category","embeddable":true,"href":"https:\/\/www.europesays.com\/fr\/wp-json\/wp\/v2\/categories?post=240704"},{"taxonomy":"post_tag","embeddable":true,"href":"https:\/\/www.europesays.com\/fr\/wp-json\/wp\/v2\/tags?post=240704"}],"curies":[{"name":"wp","href":"https:\/\/api.w.org\/{rel}","templated":true}]}}