{"id":240710,"date":"2025-07-10T19:02:16","date_gmt":"2025-07-10T19:02:16","guid":{"rendered":"https:\/\/www.europesays.com\/fr\/240710\/"},"modified":"2025-07-10T19:02:16","modified_gmt":"2025-07-10T19:02:16","slug":"municipales-2026-a-strasbourg-pierre-jakubowicz-recolte-10-000-temoignages-pour-elaborer-son-programme","status":"publish","type":"post","link":"https:\/\/www.europesays.com\/fr\/240710\/","title":{"rendered":"Municipales 2026. \u00c0 Strasbourg, Pierre Jakubowicz r\u00e9colte 10\u00a0000 t\u00e9moignages pour \u00e9laborer son programme"},"content":{"rendered":"<p>\u00ab\u00a0Il ne faut pas confondre vitesse et pr\u00e9cipitation\u00a0\u00bb, moralise le conseiller municipal Pierre Jakubowicz (Horizons) lorsqu\u2019on lui parle \u00e9lections municipales. Car s\u2019il a convoqu\u00e9 la presse ce jeudi 10\u00a0juillet dans le QG de son association \u00ab\u00a0Strasbourg on y croit\u00a0!\u00a0\u00bb, ce n\u2019est pas pour annoncer sa candidature, mais pour restituer les r\u00e9sultats de <a href=\"https:\/\/www.dna.fr\/elections\/2024\/09\/02\/pierre-jakubowicz-lance-son-mouvement-en-vue-des-elections-municipales-a-strasbourg\" target=\"_blank\" rel=\"noopener\">sa grande consultation lanc\u00e9e d\u00e9but septembre\u00a02024, \u00ab\u00a0Parlons de Strasbourg\u00a0\u00bb.<\/a><\/p>\n<p>\u00ab\u00a0En dix mois, nous avons r\u00e9alis\u00e9 300 actions de terrains dans l\u2019ensemble des quartiers strasbourgeois avec une centaine de b\u00e9n\u00e9voles. Nous avons r\u00e9colt\u00e9 10\u00a0000 contributions (6\u00a0500 sur le terrain et 3\u00a0500 par le site)\u00a0\u00bb, se f\u00e9licite-t-il. Il a ainsi \u00e9t\u00e9 demand\u00e9 \u00e0 chaque participant de d\u00e9tailler cinq priorit\u00e9s pour son quartier et cinq pour la ville. Le but\u00a0: faire le point sur les pr\u00e9occupations et les besoins des habitants, et ainsi \u00e9laborer des mesures pour y r\u00e9pondre.<\/p>\n<p>  Mobilit\u00e9, propret\u00e9, qualit\u00e9 de l\u2019air, pr\u00e9carit\u00e9\u2026<\/p>\n<p>L\u2019analyse de ces contributions a permis de mettre en exergue une quinzaine de \u00ab\u00a0th\u00e9matiques prioritaires\u00a0\u00bb, parmi lesquelles les mobilit\u00e9s (notamment la cohabitation pi\u00e9tons\/cyclistes et le stationnement), la propret\u00e9, la s\u00e9curit\u00e9, la qualit\u00e9 de l\u2019air, la v\u00e9g\u00e9talisation, la lutte contre la pr\u00e9carit\u00e9, la dette, les commerces de proximit\u00e9 ou encore la place des enfants et des personnes \u00e2g\u00e9es. \u00ab\u00a0Les Strasbourgeois souhaitent \u00eatre \u00e9cout\u00e9s, vivre dans une ville plus propre, plus s\u00fbre et plus \u00e9quilibr\u00e9e entre ses diff\u00e9rents usages. Elle doit se montrer attractive, innovante et savoir mettre le progr\u00e8s au service de l\u2019\u00e9cologie\u00a0\u00bb, r\u00e9sume l\u2019\u00e9lu.<\/p>\n<p>  Des propositions concr\u00e8tes d\u2019ici octobre<\/p>\n<p>Le p\u00f4le id\u00e9e de \u00ab\u00a0Strasbourg on y croit\u00a0!\u00a0\u00bb doit \u00e0 pr\u00e9sent s\u2019emparer de ces r\u00e9sultats. Cinq ateliers de r\u00e9flexion auront lieu pour \u00ab\u00a0transformer ces th\u00e9matiques en projets\u00a0\u00bb d\u2019ici le mois d\u2019octobre. Un sixi\u00e8me groupe planchera sur la question du budget pour \u00ab\u00a0arbitrer au mieux des propositions concr\u00e8tes, sans faire de promesses intenables.\u00a0\u00bb<\/p>\n<p>De quoi \u00e9laborer un programme pour enfin se pr\u00e9senter\u00a0? \u00ab\u00a0Nous porterons ensuite ce projet de mani\u00e8re autonome ou avec des partenaires qui partagent nos id\u00e9es. La convergence doit se faire autour de propositions communes et non \u00eatre un simple rejet de la municipalit\u00e9 actuelle\u00a0\u00bb, conclut Pierre Jakubowicz, sans fermer de portes.<\/p>\n","protected":false},"excerpt":{"rendered":"\u00ab\u00a0Il ne faut pas confondre vitesse et pr\u00e9cipitation\u00a0\u00bb, moralise le conseiller municipal Pierre Jakubowicz (Horizons) lorsqu\u2019on lui parle&hellip;\n","protected":false},"author":2,"featured_media":240711,"comment_status":"","ping_status":"","sticky":false,"template":"","format":"standard","meta":{"footnotes":""},"categories":[2820],"tags":[1111,11,2880,5949,4188,1777,674,107,1011,27,775,3540,12,316,25,640,2879],"class_list":{"0":"post-240710","1":"post","2":"type-post","3":"status-publish","4":"format-standard","5":"has-post-thumbnail","7":"category-strasbourg","8":"tag-actu","9":"tag-actualites","10":"tag-edition-strasbourg","11":"tag-elections","12":"tag-elections-municipales","13":"tag-eu","14":"tag-europe","15":"tag-fil-info","16":"tag-fr","17":"tag-france","18":"tag-grand-est","19":"tag-horizons","20":"tag-news","21":"tag-politique","22":"tag-republique-francaise","23":"tag-strasbourg","24":"tag-strasbourg-ville"},"share_on_mastodon":{"url":"https:\/\/pubeurope.com\/@fr\/114830491271374081","error":""},"_links":{"self":[{"href":"https:\/\/www.europesays.com\/fr\/wp-json\/wp\/v2\/posts\/240710","targetHints":{"allow":["GET"]}}],"collection":[{"href":"https:\/\/www.europesays.com\/fr\/wp-json\/wp\/v2\/posts"}],"about":[{"href":"https:\/\/www.europesays.com\/fr\/wp-json\/wp\/v2\/types\/post"}],"author":[{"embeddable":true,"href":"https:\/\/www.europesays.com\/fr\/wp-json\/wp\/v2\/users\/2"}],"replies":[{"embeddable":true,"href":"https:\/\/www.europesays.com\/fr\/wp-json\/wp\/v2\/comments?post=240710"}],"version-history":[{"count":0,"href":"https:\/\/www.europesays.com\/fr\/wp-json\/wp\/v2\/posts\/240710\/revisions"}],"wp:featuredmedia":[{"embeddable":true,"href":"https:\/\/www.europesays.com\/fr\/wp-json\/wp\/v2\/media\/240711"}],"wp:attachment":[{"href":"https:\/\/www.europesays.com\/fr\/wp-json\/wp\/v2\/media?parent=240710"}],"wp:term":[{"taxonomy":"category","embeddable":true,"href":"https:\/\/www.europesays.com\/fr\/wp-json\/wp\/v2\/categories?post=240710"},{"taxonomy":"post_tag","embeddable":true,"href":"https:\/\/www.europesays.com\/fr\/wp-json\/wp\/v2\/tags?post=240710"}],"curies":[{"name":"wp","href":"https:\/\/api.w.org\/{rel}","templated":true}]}}