{"id":240714,"date":"2025-07-10T19:04:10","date_gmt":"2025-07-10T19:04:10","guid":{"rendered":"https:\/\/www.europesays.com\/fr\/240714\/"},"modified":"2025-07-10T19:04:10","modified_gmt":"2025-07-10T19:04:10","slug":"ce-spectacle-a-lopera-de-nice-ne-democratise-pas-seulement-le-genre-il-va-en-mettre-plein-la-vue-aux-petits-et-grands","status":"publish","type":"post","link":"https:\/\/www.europesays.com\/fr\/240714\/","title":{"rendered":"Ce spectacle \u00e0 l\u2019op\u00e9ra de Nice ne d\u00e9mocratise pas seulement le genre\u2026 Il va en mettre plein la vue aux petits et grands!"},"content":{"rendered":"<p>\u00ab\u00a0C\u2019est fini le spectacle? On peut refaire?\u00a0\u00bb\u00a0Ces mots sont ceux de la petite Nayla, 3 ans, qui vient d\u2019assister pour la premi\u00e8re fois \u00e0 un spectacle <a href=\"https:\/\/www.nicematin.com\/histoire\/peint-il-y-a-deux-siecles-par-clement-roassal-voici-lopera-de-nice-comme-vous-ne-lavez-jamais-vu-722537\" target=\"_blank\" rel=\"noopener\">\u00e0 l\u2019op\u00e9ra de Nice<\/a>. Et pas n\u2019importe lequel \u2026 <strong>Il s\u2019agit du tout nouveau \u00ab\u00a0Une journ\u00e9e \u00e0 l\u2019Op\u00e9ra\u00a0\u00bb<\/strong>. Une exp\u00e9rience plus que positive, en ce lieu charg\u00e9 d\u2019histoire. Et c\u2019est l\u2019effet recherch\u00e9 avec ce show immersif, qui lie avec brio vid\u00e9o, danse et morceaux classiques du genre.\u00a0<\/p>\n<p>Cette id\u00e9e, c\u2019est l\u2019artiste Etienne Guiol qui l\u2019a d\u00e9velopp\u00e9e dans sa t\u00eate depuis au moins deux ans. Le but? <strong>Ouvrir l\u2019op\u00e9ra \u00e0 tous les publics cet \u00e9t\u00e9<\/strong> : petits et grands, n\u00e9ophytes et aficionados!\u00a0<\/p>\n<p>Un credo qu\u2019Etienne Guiol, 35 ans, applique scrupuleusement avec son travail de cr\u00e9ation vid\u00e9o pour le spectacle vivant depuis 2012. Et ce \u00e0 travers le monde ! <strong>Il a \u00e9galement fait partie de l\u2019\u00e9quipe <\/strong><strong>sc\u00e9nographique des c\u00e9r\u00e9monies d&rsquo;ouverture des Jeux Olympiques<\/strong> et Paralympiques de Paris 2024 sous la direction de Thomas Jolly. C\u2019est lui encore qui a travaill\u00e9 comme <a href=\"https:\/\/www.nicematin.com\/culture\/quel-est-le-secret-du-succes-de-luminiscence-le-spectacle-qui-fait-aussi-bien-que-beyonce-mais-dans-une-eglise-de-nice--965849\" target=\"_blank\" rel=\"noopener\">directeur artistique sur Luminescence<\/a>. Un autre spectacle immersif, cette fois \u00e0 la basilique Notre-Dame de l\u2019Assomption, \u00e0 Nice, qui a rencontr\u00e9 un franc succ\u00e8s cette ann\u00e9e. Entretien avec un homme qui bouscule les codes de la culture, pour rendre des lieux d\u2019exception accessibles \u00e0 tous.\u00a0<\/p>\n<p><b>Quel est le concept de ce nouveau spectacle immersif \u00ab\u00a0Une journ\u00e9e \u00e0 l\u2019Op\u00e9ra\u00a0\u00bb?\u00a0<\/b><\/p>\n<p>C&rsquo;est un spectacle immersif qui va mettre les spectateurs \u00e0 l&rsquo;int\u00e9rieur d&rsquo;un spectacle vid\u00e9o projet\u00e9 sur la totalit\u00e9 de la salle de l\u2019op\u00e9ra. Les peintures et sculptures de la salle prennent vie et narrent les diff\u00e9rents moments de la journ\u00e9e \u00e0 travers des airs d&rsquo;op\u00e9ra connus qui racontent le matin, l&rsquo;aube, le cr\u00e9puscule, \u00e9videmment la nuit et un grand final.<\/p>\n<p><b>On sent une volont\u00e9 d\u2019ouvrir l\u2019op\u00e9ra au plus grand nombre, notamment aux enfants\u2026<\/b><\/p>\n<p>Mon envie avec ce spectacle, c&rsquo;\u00e9tait vraiment de pouvoir partager cette beaut\u00e9, ce spectacle, cette musique \u00e0 un public le plus large possible. Ceux qui connaissent ce lieu, et ceux qui ne connaissent pas, mais qui pourront, je pense, \u00eatre vraiment touch\u00e9s par toutes ces \u00e9motions !<\/p>\n<p><b>Justement, pour les personnes qui ne sont pas vraiment habitu\u00e9es \u00e0 l\u2019op\u00e9ra, comment cherchez-vous \u00e0 capter ce nouveau public ?<\/b><\/p>\n<p>Le premier acte, c&rsquo;est d&rsquo;ouvrir les portes et d&rsquo;inviter le public qui passe devant cette belle maison \u00e0 rentrer. C\u2019est l\u2019\u00e9l\u00e9ment le plus important, o\u00f9 on s&rsquo;est rejoint avec Bertrand Rossi, le directeur de l\u2019op\u00e9ra de Nice, car g\u00e9n\u00e9ralement il est ouvert le soir pour les repr\u00e9sentations mais il n&rsquo;y a pas de visite organis\u00e9e ou de moment qui accueille le public large.\u00a0<\/p>\n<p>Le deuxi\u00e8me \u00e9l\u00e9ment, c&rsquo;est de proposer des spectacles un peu plus courts. Celui-ci dure 45 minutes. Et il est ouvert \u00e0 tous les publics, dont les enfants.\u00a0<\/p>\n<p>Le troisi\u00e8me \u00e9l\u00e9ment, c\u2019est le prix du billet, justement, qui a \u00e9t\u00e9 r\u00e9fl\u00e9chi pour \u00eatre plus abordable. Donc c&rsquo;est gratuit en dessous de six ans, puis les prix sont entre 15 et 22 euros. Donc c&rsquo;est vraiment accessible \u00e0 tous les publics.<\/p>\n<p>                                L\u2019op\u00e9ra, c\u2019est un lieu de vie et d&rsquo;\u00e9motions accessible \u00e0 tous<\/p>\n<p>\u00a0<\/p>\n<p><b>Que souhaiteriez-vous que les gens retiennent \u00e0 la sortie du spectacle ?\u00a0<\/b><\/p>\n<p>J&rsquo;adorerais que la premi\u00e8re chose, ce soit vraiment avoir des \u00e9toiles plein les yeux ! Que ce soit un moment exceptionnel, qu&rsquo;ils puissent le vivre en famille et le partager avec leurs proches. Et puis qu\u2019ils se disent aussi \u00ab\u00a0l\u2019op\u00e9ra, c&rsquo;est un lieu pour moi. C&rsquo;est un lieu dans lequel je peux revenir\u00a0\u00bb.\u00a0<\/p>\n<p>Le plus beau, c\u2019est que le public qu&rsquo;on a aujourd&rsquo;hui avec ce spectacle, ce soit le public de demain. Qu\u2019il revienne en voir d\u2019autres et qu\u2019il s&rsquo;approprie un peu cette maison. L\u2019op\u00e9ra, c\u2019est un lieu de vie et d&rsquo;\u00e9motions accessible \u00e0 tous.<\/p>\n<p><b>Vous avez travaill\u00e9 sur Luminescence \u00e0 Nice, aujourd\u2019hui sur \u00ab\u00a0Une journ\u00e9e \u00e0 l\u2019Op\u00e9ra\u00a0\u00bb&#8230; Qu\u2019apporte la vid\u00e9o pour ces nouvelles formes d\u2019art ?\u00a0<\/b><\/p>\n<p>Des institutions, comme l\u2019op\u00e9ra, ont toujours \u00e9t\u00e9 des lieux qui s&rsquo;approprient les inventions de leur \u00e9poque. On est en 2025 et en tant qu\u2019artiste de 35 ans, si je parle de ces outils-l\u00e0, c\u2019est pour retranscrire de nouvelles \u00e9motions.\u00a0<\/p>\n<p>Un spectacle \u00e9crit pour une salle comme l&rsquo;Op\u00e9ra de Nice, c\u2019est complexe. Il y a vraiment une sensation d&rsquo;\u00eatre \u00e0 l&rsquo;\u00e9mergence d&rsquo;un nouveau type d&rsquo;art. C&rsquo;est tr\u00e8s excitant. En tant qu&rsquo;artiste, mais aussi en tant que maison d&rsquo;op\u00e9ra. C&rsquo;est une premi\u00e8re mondiale !<\/p>\n<p>\u201cUne Journ\u00e9e \u00e0 l\u2019Op\u00e9ra\u201d,\u00a0 un spectacle immersif \u00e0 l\u2019Op\u00e9ra de Nice au 4-6 rue Saint Fran\u00e7ois de Paule.<\/p>\n<p>Du mercredi au dimanche, du 5 juillet au 31 ao\u00fbt, une repr\u00e9sentation de 45 minutes, \u00e0 partir de 15h jusqu\u2019\u00e0 22h (la derni\u00e8re commence \u00e0 21h).<\/p>\n<p>Gratuit pour les moins de 6 ans, tarifs entre 15 et 22 euros.\u00a0Plus d\u2019informations sur feverup.com<\/p>\n","protected":false},"excerpt":{"rendered":"\u00ab\u00a0C\u2019est fini le spectacle? On peut refaire?\u00a0\u00bb\u00a0Ces mots sont ceux de la petite Nayla, 3 ans, qui vient&hellip;\n","protected":false},"author":2,"featured_media":240715,"comment_status":"","ping_status":"","sticky":false,"template":"","format":"standard","meta":{"footnotes":""},"categories":[2819],"tags":[1111,11,1777,674,1011,27,12,2401,882,25,3366],"class_list":{"0":"post-240714","1":"post","2":"type-post","3":"status-publish","4":"format-standard","5":"has-post-thumbnail","7":"category-nice","8":"tag-actu","9":"tag-actualites","10":"tag-eu","11":"tag-europe","12":"tag-fr","13":"tag-france","14":"tag-news","15":"tag-nice","16":"tag-provence-alpes-cote-dazur","17":"tag-republique-francaise","18":"tag-vie-locale"},"share_on_mastodon":{"url":"https:\/\/pubeurope.com\/@fr\/114830499075607298","error":""},"_links":{"self":[{"href":"https:\/\/www.europesays.com\/fr\/wp-json\/wp\/v2\/posts\/240714","targetHints":{"allow":["GET"]}}],"collection":[{"href":"https:\/\/www.europesays.com\/fr\/wp-json\/wp\/v2\/posts"}],"about":[{"href":"https:\/\/www.europesays.com\/fr\/wp-json\/wp\/v2\/types\/post"}],"author":[{"embeddable":true,"href":"https:\/\/www.europesays.com\/fr\/wp-json\/wp\/v2\/users\/2"}],"replies":[{"embeddable":true,"href":"https:\/\/www.europesays.com\/fr\/wp-json\/wp\/v2\/comments?post=240714"}],"version-history":[{"count":0,"href":"https:\/\/www.europesays.com\/fr\/wp-json\/wp\/v2\/posts\/240714\/revisions"}],"wp:featuredmedia":[{"embeddable":true,"href":"https:\/\/www.europesays.com\/fr\/wp-json\/wp\/v2\/media\/240715"}],"wp:attachment":[{"href":"https:\/\/www.europesays.com\/fr\/wp-json\/wp\/v2\/media?parent=240714"}],"wp:term":[{"taxonomy":"category","embeddable":true,"href":"https:\/\/www.europesays.com\/fr\/wp-json\/wp\/v2\/categories?post=240714"},{"taxonomy":"post_tag","embeddable":true,"href":"https:\/\/www.europesays.com\/fr\/wp-json\/wp\/v2\/tags?post=240714"}],"curies":[{"name":"wp","href":"https:\/\/api.w.org\/{rel}","templated":true}]}}