{"id":240726,"date":"2025-07-10T19:10:09","date_gmt":"2025-07-10T19:10:09","guid":{"rendered":"https:\/\/www.europesays.com\/fr\/240726\/"},"modified":"2025-07-10T19:10:09","modified_gmt":"2025-07-10T19:10:09","slug":"jai-une-grande-histoire-damitie-avec-le-public-toulousain","status":"publish","type":"post","link":"https:\/\/www.europesays.com\/fr\/240726\/","title":{"rendered":"J&rsquo;ai une grande histoire d&rsquo;amiti\u00e9 avec le public toulousain"},"content":{"rendered":"<p>            Par<br \/>\n        <strong><br \/>\n            <a href=\"https:\/\/actu.fr\/auteur\/gabriel-kenedi\" title=\"Consulter tous les articles de Gabriel Kenedi\" target=\"_blank\" rel=\"noopener\">Gabriel Kenedi<\/a><br \/>\n        <\/strong><\/p>\n<p>        Publi\u00e9 le<\/p>\n<p>            10 juil. 2025 \u00e0 20h02<br \/>\n        ; mis \u00e0 jour le 10 juil. 2025 \u00e0 20h05    <\/p>\n<p>Dans la famille <strong>Higelin<\/strong>, demandez\u2026 le fils, <strong>Arthur H<\/strong> ! On ne pr\u00e9sente plus ce chanteur \u00e0 la voix si particuli\u00e8re qui a su se faire une place de choix dans le petit monde de la chanson fran\u00e7aise. Arthur H sera en concert vendredi 11 juillet au Th\u00e9\u00e2tre de la Cit\u00e9, dans le cadre du <a href=\"https:\/\/actu.fr\/toulouse\/loisirs-culture\" target=\"_blank\" rel=\"noopener\">Festival de Toulouse<\/a>, o\u00f9 il jouera avec un orchestre symphonique\u2026 et il reviendra \u00e0 Toulouse en novembre prochain, pour un concert \u00e0 La Cabane, dans le cadre d\u2019une tourn\u00e9e qui s\u2019annonce aussi audacieuse qu\u2019inventive. L\u2019occasion \u00e9tait donc trop belle de s\u2019entretenir avec l\u2019auteur de \u00ab\u00a0La boxeuse amoureuse\u00a0\u00bb. Il nous parle de ses deux concerts \u00e0 venir\u2026 et de la Ville rose, bien entendu. Notre interview.\u00a0<\/p>\n<p>\u00ab\u00a0Jouer avec un orchestre, c\u2019est un plaisir immense !\u00a0\u00bb<\/p>\n<p class=\"ac-article-content__question wall-content\"><strong class=\"color-primary\">Actu : <\/strong>Vous allez jouer \u00e0 Toulouse le 11 juillet avec l&rsquo;Orchestre de chambre. Un concert symphonique, qu&rsquo;est-ce que \u00e7a change pour vous ?\n<\/p>\n<p class=\" wall-content\"><strong class=\"color-primary\">Arthur H  : <\/strong>\u00ab\u00a0C&rsquo;est un plaisir immense que de jouer avec un petit orchestre symphonique. On a l&rsquo;impression d&rsquo;\u00eatre une grande voile de navire, et l&rsquo;orchestre, c&rsquo;est le vent ! Il y a quelque chose de tr\u00e8s ouvert, de tr\u00e8s lyrique dans la musique. Avec un orchestre symphonique, on est travers\u00e9 par l&rsquo;\u00e9nergie !\u00a0<\/p>\n<p class=\"ac-article-content__question wall-content\">\u00c7a se pr\u00e9pare forc\u00e9ment un peu diff\u00e9remment ?\u00a0\n<\/p>\n<p class=\" wall-content\"><strong class=\"color-primary\">Arthur H  : <\/strong>\u00ab\u00a0Il y a quelques ann\u00e9es, on a fait un concert \u00e0 Bordeaux sur la place des Quinconces devant des milliers de personnes avec le Grand orchestre d&rsquo;harmonie de Bordeaux, compos\u00e9 de 60 cuivres. C&rsquo;est Cl\u00e9ment Ducol (qui a remport\u00e9 un Oscar avec la chanteuse Camille pour la musique du film Emilia Perez,le film de Jacques Audiard ndlr), qui avait fait les arrangements pour cuivre. On les a r\u00e9arrang\u00e9s pour qu&rsquo;ils soient compatibles avec un orchestre symphonique plus classique.\u00a0 Maintenant, je travaille avec Julien B\u00e9nichou, qui est un chef d&rsquo;orchestre et mon ami. C&rsquo;est lui qui a repens\u00e9 les arrangements sur mon dernier album, \u00ab\u00a0La Vie\u00a0\u00bb. \u00c7a s&rsquo;\u00e9toffe, \u00e7a se transforme !\u00a0\u00bb\u00a0<\/p>\n<p>\u00ab\u00a0On va inventer une musique devant les gens !\u00a0\u00bb<\/p>\n<p class=\"ac-article-content__question wall-content\">Quelles chansons aller vous proposer au public ?\u00a0\n<\/p>\n<p class=\" wall-content\"><strong class=\"color-primary\">Arthur H  : <\/strong>\u00ab\u00a0On a surtout choisi des chansons qui s&rsquo;y pr\u00eatent et qui ont d\u00e9j\u00e0 un c\u00f4t\u00e9 un peu lyrique et qui peuvent nous transporter, comme la Beaut\u00e9 de l&rsquo;amour, Adieu Tristesse, la Boxeuse amoureuse, la Ville, le sculpteur aveugle\u00a0\u00bb. <\/p>\n<p class=\"ac-article-content__question wall-content\">Quelle sera la suite de vos projets\u00a0 ?\u00a0\n<\/p>\n<p class=\" wall-content\"><strong class=\"color-primary\">Arthur H  : <\/strong>\u00ab\u00a0Je vais commencer une tourn\u00e9e piano-violoncelle avec pas mal d&rsquo;\u00e9lectro. Cela va \u00eatre une tourn\u00e9e un peu particuli\u00e8re parce qu&rsquo;on va en profiter pour composer en direct et inventer une musique devant les gens. Cela va \u00eatre quelque chose de tr\u00e8s vivant, tr\u00e8s spontan\u00e9. Et le but de cette tourn\u00e9e, c&rsquo;est de pr\u00e9parer un disque\u00a0\u00bb.\u00a0<\/p>\n<p class=\"ac-article-content__question wall-content\">Comment \u00e7a va se passer ?\u00a0\n<\/p>\n<p class=\" wall-content\"><strong class=\"color-primary\">Arthur H  : <\/strong>\u00ab\u00a0Je compose des morceaux, lui composera des musiques et on les essaiera sur sc\u00e8ne. Les Pink Floyd faisaient \u00e7a dans les ann\u00e9es 70. Ils r\u00e9p\u00e9taient chez eux, avaient plein d&rsquo;id\u00e9es, apr\u00e8s ils organisaient une petite tourn\u00e9e pour jouer les morceaux en live, gardaient ce qui marchaient \u00e0 leurs yeux, essayaient des choses&#8230; C&rsquo;\u00e9tait leur processus de travail. Toute comparaison gard\u00e9e, car \u00e7a n&rsquo;a rien \u00e0 voir avec les Pink Floyd, c&rsquo;est un peu le m\u00eame principe.\u00a0Pour moi, la musique est un processus vivant qui doit rester comme \u00e7a avec sa fragilit\u00e9, sa dynamique. Et qui doit rester ouvert tout le temps\u00a0\u00bb.\u00a0<\/p>\n<p>\u00ab\u00a0J\u2019ai une grande amiti\u00e9 avec le public toulousain\u00a0\u00bb<\/p>\n<p class=\"ac-article-content__question wall-content\">Vous allez donc passer deux fois \u00e0 Toulouse, une ville que vous connaissez bien. Que vous \u00e9voque la Ville rose ?\n<\/p>\n<p class=\" wall-content\"><strong class=\"color-primary\">Arthur H  : <\/strong>\u00ab\u00a0Je suis beaucoup all\u00e9 \u00e0 Toulouse quand j&rsquo;\u00e9tais enfant, car la famille de mon beau-p\u00e8re venait de Toulouse. Dans les tourn\u00e9es, c&rsquo;est vraiment une date importante. Mes deux derniers concerts, c&rsquo;\u00e9tait au Bikini qui est un endroit quasi familial ! J&rsquo;ai donc une grande histoire d&rsquo;amiti\u00e9 en ce qui me concerne avec le public toulousain. C&rsquo;est tr\u00e8s pr\u00e9cieux pour moi !\u00a0\u00bb\u00a0<\/p>\n<p class=\"ac-article-content__question wall-content\">Pour la prochaine tourn\u00e9e vous allez donc d\u00e9couvrir une nouvelle salle !\u00a0\n<\/p>\n<p class=\" wall-content\"><strong class=\"color-primary\">Arthur H  : <\/strong>\u00ab\u00a0Oui, car c&rsquo;est une tourn\u00e9e un peu plus intime, avec une formule plus simple. Je vais donc d\u00e9couvrir La Cabane. Mais pour la prochaine tourn\u00e9e, on reviendra au Bikini !\u00a0\u00bb<\/p>\n<p>Arthur H en concert, le 11 juillet, au Th\u00e9\u00e2tre de la Cit\u00e9 dans le cadre<a href=\"https:\/\/metropole.toulouse.fr\/actualites\/festival-de-toulouse\" target=\"_blank\" rel=\"noopener\"> du Festival de Toulouse<\/a>. Et en concert <a href=\"https:\/\/lebikini.com\/2025\/11\/29\/arthur-h-pierre-le-bourgeois-la-cabane\" target=\"_blank\" rel=\"noopener\">\u00e0 la Cabane<\/a>, le 28 novembre 2025.\u00a0<\/p>\n<p class=\" wall-content\">Suivez toute l\u2019actualit\u00e9 de vos villes et m\u00e9dias favoris en vous inscrivant \u00e0 <a href=\"https:\/\/moncompte.actu.fr\" title=\"D\u00e9couvez Mon Actu\" rel=\"nofollow noopener\" data-trk=\"{&quot;cta&quot;:{&quot;action&quot;:&quot;https:\\\/\\\/moncompte.actu.fr&quot;,&quot;category&quot;:&quot;mon compte&quot;,&quot;from&quot;:&quot;article footer&quot;,&quot;name&quot;:&quot;Mon actu&quot;,&quot;type&quot;:&quot;cta&quot;}}\" target=\"_blank\">Mon Actu<\/a>.<\/p>\n","protected":false},"excerpt":{"rendered":"Par Gabriel Kenedi Publi\u00e9 le 10 juil. 2025 \u00e0 20h02 ; mis \u00e0 jour le 10 juil. 2025&hellip;\n","protected":false},"author":2,"featured_media":240727,"comment_status":"","ping_status":"","sticky":false,"template":"","format":"standard","meta":{"footnotes":""},"categories":[2816],"tags":[1111,11,1777,674,1011,27,1652,12,2680,25,1341,2312],"class_list":{"0":"post-240726","1":"post","2":"type-post","3":"status-publish","4":"format-standard","5":"has-post-thumbnail","7":"category-toulouse","8":"tag-actu","9":"tag-actualites","10":"tag-eu","11":"tag-europe","12":"tag-fr","13":"tag-france","14":"tag-loisirs-culture","15":"tag-news","16":"tag-occitanie","17":"tag-republique-francaise","18":"tag-sortir-a-toulouse","19":"tag-toulouse"},"share_on_mastodon":{"url":"https:\/\/pubeurope.com\/@fr\/114830522664648405","error":""},"_links":{"self":[{"href":"https:\/\/www.europesays.com\/fr\/wp-json\/wp\/v2\/posts\/240726","targetHints":{"allow":["GET"]}}],"collection":[{"href":"https:\/\/www.europesays.com\/fr\/wp-json\/wp\/v2\/posts"}],"about":[{"href":"https:\/\/www.europesays.com\/fr\/wp-json\/wp\/v2\/types\/post"}],"author":[{"embeddable":true,"href":"https:\/\/www.europesays.com\/fr\/wp-json\/wp\/v2\/users\/2"}],"replies":[{"embeddable":true,"href":"https:\/\/www.europesays.com\/fr\/wp-json\/wp\/v2\/comments?post=240726"}],"version-history":[{"count":0,"href":"https:\/\/www.europesays.com\/fr\/wp-json\/wp\/v2\/posts\/240726\/revisions"}],"wp:featuredmedia":[{"embeddable":true,"href":"https:\/\/www.europesays.com\/fr\/wp-json\/wp\/v2\/media\/240727"}],"wp:attachment":[{"href":"https:\/\/www.europesays.com\/fr\/wp-json\/wp\/v2\/media?parent=240726"}],"wp:term":[{"taxonomy":"category","embeddable":true,"href":"https:\/\/www.europesays.com\/fr\/wp-json\/wp\/v2\/categories?post=240726"},{"taxonomy":"post_tag","embeddable":true,"href":"https:\/\/www.europesays.com\/fr\/wp-json\/wp\/v2\/tags?post=240726"}],"curies":[{"name":"wp","href":"https:\/\/api.w.org\/{rel}","templated":true}]}}