{"id":240732,"date":"2025-07-10T19:13:13","date_gmt":"2025-07-10T19:13:13","guid":{"rendered":"https:\/\/www.europesays.com\/fr\/240732\/"},"modified":"2025-07-10T19:13:13","modified_gmt":"2025-07-10T19:13:13","slug":"un-important-changement-pour-les-bars-durant-les-deux-nuits-de-fete","status":"publish","type":"post","link":"https:\/\/www.europesays.com\/fr\/240732\/","title":{"rendered":"un important changement pour les bars durant les deux nuits de f\u00eate"},"content":{"rendered":"<p>            Par<br \/>\n        <strong><br \/>\n            <a href=\"https:\/\/actu.fr\/auteur\/nicolas-demollien\" title=\"Consulter tous les articles de Nicolas Demollien\" target=\"_blank\" rel=\"noopener\">Nicolas Demollien<\/a><br \/>\n        <\/strong><\/p>\n<p>        Publi\u00e9 le<\/p>\n<p>            10 juil. 2025 \u00e0 17h36        <\/p>\n<p>On ne change pas une formule qui gagne, ou presque. La prochaine <a href=\"https:\/\/actu.fr\/tag\/braderie-de-lille\" target=\"_blank\" rel=\"noopener\">Braderie de Lille<\/a> (Nord) aura lieu samedi 6 et dimanche 7 septembre 2025 avec quasiment aucun changement par rapport \u00e0 l\u2019\u00e9dition pr\u00e9c\u00e9dente. Le <b>maire Arnaud Deslandes<\/b> a tout de m\u00eame annonc\u00e9 une <b>nouveaut\u00e9 importante<\/b> en ce qui concerne les <b>bars et restaurants<\/b>.<\/p>\n<p>Du changement c\u00f4t\u00e9 bars pour la Braderie de Lille<\/p>\n<p class=\" wall-content\">Les \u00e9tablissements voient ainsi leurs autorisations d\u2019ouverture modifi\u00e9es. Ce sera \u00e9tendu <b>jusqu\u2019\u00e0 3h<\/b> pour ce qui concerne la <b>nuit du vendredi 5 au samedi 6 septembre<\/b>.<\/p>\n<p class=\" wall-content\">\u00ab\u00a0Ce n\u2019est pas tout \u00e0 fait encore la Braderie qui est lanc\u00e9e le samedi matin. Mais on sait que la f\u00eate commence la veille. Nous avons donc d\u00e9cid\u00e9 d\u2019autoriser l\u2019ouverture des restaurants, bars et terrasses jusqu\u2019\u00e0 une heure plus \u00e9tendue\u00a0\u00bb, commente Arnaud Deslandes.<\/p>\n<p class=\" wall-content\">Le lendemain, c\u2019est \u00e0 dire dans la <b>nuit du samedi au dimanche<\/b>, les \u00e9tablissements devront en revanche <b>fermer leurs portes \u00e0 5h<\/b> contre toute la nuit auparavant.\u00a0<\/p>\n<p class=\" wall-content\">\u00ab\u00a0Ce sont des horaires qui laissent quand m\u00eame le temps d\u2019envisager une belle f\u00eate\u00a0\u00bb, sourit le maire. Alors pourquoi ce changement ? \u00ab\u00a0Cela va permettre de faciliter l\u2019entr\u00e9e en action de nos \u00e9quipes de propret\u00e9 pour pr\u00e9parer la journ\u00e9e de dimanche\u00a0\u00bb, souffle l\u2019\u00e9lu.<\/p>\n<p>Vid\u00e9os : en ce moment sur Actu<\/p>\n<p class=\" wall-content\">Pour ce qui est de la <b>nuit du dimanche 7 au lundi 8 septembre<\/b>, ce sont les horaires habituellement mis en place qui s\u2019appliqueront, c\u2019est-\u00e0-dire <b>1h du matin<\/b>.<\/p>\n<p class=\" wall-content\">Mais pour beaucoup, l\u2019heure sera sans doute d\u00e9j\u00e0 au repos !<\/p>\n<p class=\" wall-content\">Suivez toute l\u2019actualit\u00e9 de vos villes et m\u00e9dias favoris en vous inscrivant \u00e0 <a href=\"https:\/\/moncompte.actu.fr\" title=\"D\u00e9couvez Mon Actu\" rel=\"nofollow noopener\" data-trk=\"{&quot;cta&quot;:{&quot;action&quot;:&quot;https:\\\/\\\/moncompte.actu.fr&quot;,&quot;category&quot;:&quot;mon compte&quot;,&quot;from&quot;:&quot;article footer&quot;,&quot;name&quot;:&quot;Mon actu&quot;,&quot;type&quot;:&quot;cta&quot;}}\" target=\"_blank\">Mon Actu<\/a>.<\/p>\n","protected":false},"excerpt":{"rendered":"Par Nicolas Demollien Publi\u00e9 le 10 juil. 2025 \u00e0 17h36 On ne change pas une formule qui gagne,&hellip;\n","protected":false},"author":2,"featured_media":240733,"comment_status":"","ping_status":"","sticky":false,"template":"","format":"standard","meta":{"footnotes":""},"categories":[2815],"tags":[1111,11,18703,1777,674,1011,27,811,1307,12,25,104],"class_list":{"0":"post-240732","1":"post","2":"type-post","3":"status-publish","4":"format-standard","5":"has-post-thumbnail","7":"category-lille","8":"tag-actu","9":"tag-actualites","10":"tag-braderie-de-lille","11":"tag-eu","12":"tag-europe","13":"tag-fr","14":"tag-france","15":"tag-hauts-de-france","16":"tag-lille","17":"tag-news","18":"tag-republique-francaise","19":"tag-societe"},"share_on_mastodon":{"url":"https:\/\/pubeurope.com\/@fr\/114830534469244432","error":""},"_links":{"self":[{"href":"https:\/\/www.europesays.com\/fr\/wp-json\/wp\/v2\/posts\/240732","targetHints":{"allow":["GET"]}}],"collection":[{"href":"https:\/\/www.europesays.com\/fr\/wp-json\/wp\/v2\/posts"}],"about":[{"href":"https:\/\/www.europesays.com\/fr\/wp-json\/wp\/v2\/types\/post"}],"author":[{"embeddable":true,"href":"https:\/\/www.europesays.com\/fr\/wp-json\/wp\/v2\/users\/2"}],"replies":[{"embeddable":true,"href":"https:\/\/www.europesays.com\/fr\/wp-json\/wp\/v2\/comments?post=240732"}],"version-history":[{"count":0,"href":"https:\/\/www.europesays.com\/fr\/wp-json\/wp\/v2\/posts\/240732\/revisions"}],"wp:featuredmedia":[{"embeddable":true,"href":"https:\/\/www.europesays.com\/fr\/wp-json\/wp\/v2\/media\/240733"}],"wp:attachment":[{"href":"https:\/\/www.europesays.com\/fr\/wp-json\/wp\/v2\/media?parent=240732"}],"wp:term":[{"taxonomy":"category","embeddable":true,"href":"https:\/\/www.europesays.com\/fr\/wp-json\/wp\/v2\/categories?post=240732"},{"taxonomy":"post_tag","embeddable":true,"href":"https:\/\/www.europesays.com\/fr\/wp-json\/wp\/v2\/tags?post=240732"}],"curies":[{"name":"wp","href":"https:\/\/api.w.org\/{rel}","templated":true}]}}