{"id":240739,"date":"2025-07-10T19:17:11","date_gmt":"2025-07-10T19:17:11","guid":{"rendered":"https:\/\/www.europesays.com\/fr\/240739\/"},"modified":"2025-07-10T19:17:11","modified_gmt":"2025-07-10T19:17:11","slug":"qui-aurait-ete-elu-maire-a-paris-lyon-et-marseille-en-2020-avec-le-nouveau-mode-de-scrutin","status":"publish","type":"post","link":"https:\/\/www.europesays.com\/fr\/240739\/","title":{"rendered":"qui aurait \u00e9t\u00e9 \u00e9lu maire \u00e0 Paris, Lyon et Marseille en 2020 avec le nouveau mode de scrutin ?"},"content":{"rendered":"<p><strong>ANALYSE <\/strong>&#8211; Apr\u00e8s l\u2019adoption de la r\u00e9forme par le Parlement, les prochaines \u00e9lections municipales se d\u00e9rouleront \u00e0 l\u2019\u00e9chelle de l\u2019ensemble de la ville et non par arrondissement, \u00e0 Paris, Lyon et Marseille, en 2026.<\/p>\n<p class=\"fig-paragraph\">Comme dans toutes les communes de France,\u00a0<a href=\"http:\/\/www.lefigaro.fr\/politique\/municipales-2026-le-parlement-adopte-definitivement-la-reforme-du-mode-de-scrutin-a-paris-lyon-et-marseille-20250710\" data-fig-type=\"NewsFlash\" data-gtm-custom-categorie=\"navigation\" data-gtm-custom-action=\"crossclick\" data-gtm-custom-label=\"Contextuel\" data-gtm-event=\"customEventSPE\" data-fig-domain=\"LEFIGARO\" rel=\"nofollow noopener\" target=\"_blank\">les \u00e9lus de Paris, Marseille et Lyon\u00a0<\/a>seront \u00e9lus \u00e0 partir de l\u2019ann\u00e9e prochaine \u00e0 l\u2019\u00e9chelle de l\u2019ensemble de la ville et non plus dans le cadre d\u2019arrondissements ou de secteurs. Ce changement peut-il modifier l\u2019\u00e9quilibre politique de ces trois communes les plus peupl\u00e9es de France\u00a0?<\/p>\n<p class=\"fig-paragraph\">Il faut d\u2019abord pr\u00e9ciser que Parisiens, Marseillais et Lyonnais n\u2019\u00e9liront pas directement leur maire. Ils voteront, comme partout ailleurs, pour des listes de conseillers municipaux, lesquels se r\u00e9uniront ensuite pour d\u00e9signer le maire au sein de cette assembl\u00e9e \u00e9lue.<\/p>\n<p class=\"fig-paragraph\">Rappelons ensuite que le vote par arrondissement (ou secteur) n\u2019avait pas \u00e9t\u00e9 instaur\u00e9 par la loi PLM de 1982. Si celle-ci avait \u00e9t\u00e9 effectivement pens\u00e9e par la gauche pour casser la puissance de Jacques Chirac \u00e0 Paris, et si Gaston Defferre avait proc\u00e9d\u00e9 \u00e0 un red\u00e9coupage des secteurs lui permettant d\u2019\u00eatre r\u00e9\u00e9lu \u00e0 Marseille avec moins de voix que Jean-Claude Gaudin, avant m\u00eame cette loi, les \u00e9lus municipaux\u2026<\/p>\n<p class=\"fig-premium-paywall__infos\">\n        Cet article est r\u00e9serv\u00e9 aux abonn\u00e9s.        Il vous reste 88% \u00e0 d\u00e9couvrir.\n    <\/p>\n<p>                <img  data- alt=\"Le Figaro\" class=\"fig-img--complete fig-img\"\/><\/p>\n<p class=\"fig-premium-paywall__title\">Vous avez envie de lire la suite ?<\/p>\n<p class=\"fig-premium-paywall__subtitle\">D\u00e9bloquez tous les articles imm\u00e9diatement.<\/p>\n<p class=\"fig-premium-paywall__connect\">\n                D\u00e9j\u00e0 abonn\u00e9\u00a0?                <a class=\"fig-premium-paywall__connect-link\" href=\"https:\/\/connect.lefigaro.fr\/login?client=horizon_web&amp;type=main&amp;redirect_uri=https%3A%2F%2Fwww.lefigaro.fr%2Fpolitique%2Floi-plm-qui-aurait-ete-elu-maire-a-paris-lyon-et-marseille-en-2020-avec-le-nouveau-mode-de-scrutin-20250710\" data-js-gtm=\"{&quot;customCategorie&quot;: &quot;conversion&quot;, &quot;customAction&quot;: &quot;before_Landing_Connexion_paywall_auto&quot;, &quot;customLabel&quot;: &quot;bGVmaWdhcm8uZnJfXzFmMDVkNzZiLWMyNmItNjI2OC04YzIzLWJmMDE2Yjc0MzVlNF9fQXJ0aWNsZQ==_Loi PLM\u00a0: qui aurait \u00e9t\u00e9 \u00e9lu maire \u00e0 Paris, Lyon et Marseille en 2020 avec le nouveau mode de scrutin\u00a0?_404&quot;, &quot;customIDSPE&quot;: &quot;bGVmaWdhcm8uZnJfXzFmMDVkNzZiLWMyNmItNjI2OC04YzIzLWJmMDE2Yjc0MzVlNF9fQXJ0aWNsZQ==&quot;, &quot;event&quot;: &quot;customEventSPE&quot;}\" rel=\"nofollow noopener\" target=\"_blank\"><br \/>\n                    Connectez-vous<br \/>\n                <\/a>\n            <\/p>\n","protected":false},"excerpt":{"rendered":"ANALYSE &#8211; Apr\u00e8s l\u2019adoption de la r\u00e9forme par le Parlement, les prochaines \u00e9lections municipales se d\u00e9rouleront \u00e0 l\u2019\u00e9chelle&hellip;\n","protected":false},"author":2,"featured_media":240740,"comment_status":"","ping_status":"","sticky":false,"template":"","format":"standard","meta":{"footnotes":""},"categories":[1889],"tags":[1111,11,2430,4188,1777,674,1011,27,2428,12,626,25],"class_list":{"0":"post-240739","1":"post","2":"type-post","3":"status-publish","4":"format-standard","5":"has-post-thumbnail","7":"category-lyon","8":"tag-actu","9":"tag-actualites","10":"tag-auvergne-rhone-alpes","11":"tag-elections-municipales","12":"tag-eu","13":"tag-europe","14":"tag-fr","15":"tag-france","16":"tag-lyon","17":"tag-news","18":"tag-paris","19":"tag-republique-francaise"},"share_on_mastodon":{"url":"https:\/\/pubeurope.com\/@fr\/114830550107263250","error":""},"_links":{"self":[{"href":"https:\/\/www.europesays.com\/fr\/wp-json\/wp\/v2\/posts\/240739","targetHints":{"allow":["GET"]}}],"collection":[{"href":"https:\/\/www.europesays.com\/fr\/wp-json\/wp\/v2\/posts"}],"about":[{"href":"https:\/\/www.europesays.com\/fr\/wp-json\/wp\/v2\/types\/post"}],"author":[{"embeddable":true,"href":"https:\/\/www.europesays.com\/fr\/wp-json\/wp\/v2\/users\/2"}],"replies":[{"embeddable":true,"href":"https:\/\/www.europesays.com\/fr\/wp-json\/wp\/v2\/comments?post=240739"}],"version-history":[{"count":0,"href":"https:\/\/www.europesays.com\/fr\/wp-json\/wp\/v2\/posts\/240739\/revisions"}],"wp:featuredmedia":[{"embeddable":true,"href":"https:\/\/www.europesays.com\/fr\/wp-json\/wp\/v2\/media\/240740"}],"wp:attachment":[{"href":"https:\/\/www.europesays.com\/fr\/wp-json\/wp\/v2\/media?parent=240739"}],"wp:term":[{"taxonomy":"category","embeddable":true,"href":"https:\/\/www.europesays.com\/fr\/wp-json\/wp\/v2\/categories?post=240739"},{"taxonomy":"post_tag","embeddable":true,"href":"https:\/\/www.europesays.com\/fr\/wp-json\/wp\/v2\/tags?post=240739"}],"curies":[{"name":"wp","href":"https:\/\/api.w.org\/{rel}","templated":true}]}}