{"id":240743,"date":"2025-07-10T19:20:10","date_gmt":"2025-07-10T19:20:10","guid":{"rendered":"https:\/\/www.europesays.com\/fr\/240743\/"},"modified":"2025-07-10T19:20:10","modified_gmt":"2025-07-10T19:20:10","slug":"ce-que-la-reforme-de-la-loi-plm-va-changer-dans-les-bureaux-de-vote","status":"publish","type":"post","link":"https:\/\/www.europesays.com\/fr\/240743\/","title":{"rendered":"ce que la r\u00e9forme de la loi PLM va changer dans les bureaux de vote"},"content":{"rendered":"<p>            Par<br \/>\n        <strong><br \/>\n            <a href=\"https:\/\/actu.fr\/auteur\/marie-amelie-marchal\" title=\"Consulter tous les articles de Marie Amelie Marchal\" rel=\"nofollow noopener\" target=\"_blank\">Marie Amelie Marchal<\/a><br \/>\n        <\/strong><\/p>\n<p>        Publi\u00e9 le<\/p>\n<p>            10 juil. 2025 \u00e0 15h16        <\/p>\n<p>D\u00e9finitivement <a href=\"https:\/\/actu.fr\/ile-de-france\/paris_75056\/a-paris-le-parlement-adopte-definitivement-la-reforme-du-scrutin-municipal_62893263.html\" rel=\"nofollow noopener\" target=\"_blank\">adopt\u00e9e<\/a> par l\u2019Assembl\u00e9e nationale ce jeudi 10\u00a0juillet 2025, la <a href=\"https:\/\/www.assemblee-nationale.fr\/dyn\/17\/dossiers\/reformer_mode_election_membres_Conseil_Paris\" rel=\"nofollow noopener\" target=\"_blank\">r\u00e9forme de la loi PLM<\/a> (Paris-Lyon-Marseille) risque de bouleverser les <a href=\"https:\/\/actu.fr\/paris\/politique\/elections-municipales\" rel=\"nofollow noopener\" target=\"_blank\">municipales pr\u00e9vues \u00e0 Paris<\/a> en 2026. actu Paris vous explique les changements \u00e0 venir. \u00c0 noter\u2009: seul un<strong> recours aupr\u00e8s du Conseil constitutionnel<\/strong> pourrait remettre en cause son application.<\/p>\n<p>Deux scrutins, deux urnes<\/p>\n<p class=\" wall-content\">Parmi les modifications apport\u00e9es, figure l\u2019instauration d\u2019un scrutin pour <strong>\u00e9lire directement le conseil municipal<\/strong> de Paris, \u00e0 l\u2019instar de toutes les communes. Dans les faits, l\u2019\u00e9lecteur aura <strong>deux bulletins<\/strong> en main\u2009: le premier pour son arrondissement, le second pour le conseiller municipal de la ville avec, en t\u00eate de liste, le candidat \u00e0 la mairie.\u00a0<\/p>\n<p class=\" wall-content\">Depuis 1982, les Parisiens votent pour \u00e9lire des \u00e9lus d\u2019arrondissement, qui selon les r\u00e9sultats gagnent des si\u00e8ges aux conseils d\u2019arrondissements et au Conseil de Paris. Chaque arrondissement a un nombre de conseillers de Paris <strong>proportionnel \u00e0 sa population<\/strong>. Ces <a href=\"https:\/\/actu.fr\/ile-de-france\/paris_75056\/municipales-qui-sont-les-163-nouveaux-conseillers-de-paris-quels-elus-dans-votre-arrondissement_34723058.html\" rel=\"nofollow noopener\" target=\"_blank\">163 \u00e9lus d\u00e9signent<\/a> ensuite le ou la maire de Paris. \u00c0 l\u2019\u00e9poque, l\u2019adoption de ce r\u00e9gime d\u00e9rogatoire \u00e9tait motiv\u00e9e par le renforcement de la d\u00e9mocratie locale, en faisant voter les habitants pour leur maire d\u2019arrondissement plut\u00f4t que pour le maire de la \u00ab\u2009grande ville\u2009\u00bb.<\/p>\n<p>Abaissement de la prime majoritaire<\/p>\n<p class=\" wall-content\">Le texte propose par ailleurs d\u2019<strong>abaisser \u00e0 25\u2009% la prime majoritaire<\/strong> pour la liste arriv\u00e9e en t\u00eate, contre 50\u2009% actuellement. Le reste des si\u00e8ges sera r\u00e9parti \u00e0 la proportionnelle. Une mesure qui permettrait d\u2019\u00e9viter l\u2019\u00e9crasement de l\u2019opposition municipale.<\/p>\n<p class=\" wall-content\">Suivez toute l\u2019actualit\u00e9 de vos villes et m\u00e9dias favoris en vous inscrivant \u00e0 <a href=\"https:\/\/moncompte.actu.fr\" title=\"D\u00e9couvez Mon Actu\" rel=\"nofollow noopener\" data-trk=\"{&quot;cta&quot;:{&quot;action&quot;:&quot;https:\\\/\\\/moncompte.actu.fr&quot;,&quot;category&quot;:&quot;mon compte&quot;,&quot;from&quot;:&quot;article footer&quot;,&quot;name&quot;:&quot;Mon actu&quot;,&quot;type&quot;:&quot;cta&quot;}}\" target=\"_blank\">Mon Actu<\/a>.<\/p>\n<ul class=\"ac-article-tag wall-content\">\n<li><a href=\"https:\/\/actu.fr\/tag\/assemblee-nationale\" data-trk=\"{&quot;cta&quot;:{&quot;action&quot;:&quot;Assembl\\u00e9e nationale&quot;,&quot;category&quot;:&quot;tag&quot;,&quot;from&quot;:&quot;article footer&quot;,&quot;name&quot;:&quot;Assembl\\u00e9e nationale&quot;,&quot;type&quot;:&quot;cta&quot;}}\" rel=\"nofollow noopener\" target=\"_blank\">#Assembl\u00e9e nationale<\/a><\/li>\n<li><a href=\"https:\/\/actu.fr\/tag\/municipales-2026\" data-trk=\"{&quot;cta&quot;:{&quot;action&quot;:&quot;Municipales 2026&quot;,&quot;category&quot;:&quot;tag&quot;,&quot;from&quot;:&quot;article footer&quot;,&quot;name&quot;:&quot;Municipales 2026&quot;,&quot;type&quot;:&quot;cta&quot;}}\" rel=\"nofollow noopener\" target=\"_blank\">#Municipales 2026<\/a><\/li>\n<\/ul>\n","protected":false},"excerpt":{"rendered":"Par Marie Amelie Marchal Publi\u00e9 le 10 juil. 2025 \u00e0 15h16 D\u00e9finitivement adopt\u00e9e par l\u2019Assembl\u00e9e nationale ce jeudi&hellip;\n","protected":false},"author":2,"featured_media":240744,"comment_status":"","ping_status":"","sticky":false,"template":"","format":"standard","meta":{"footnotes":""},"categories":[1888],"tags":[1111,1928,11,1927,416,4188,1777,674,1011,27,3434,12,1926,626,1925,316,25],"class_list":{"0":"post-240743","1":"post","2":"type-post","3":"status-publish","4":"format-standard","5":"has-post-thumbnail","7":"category-paris","8":"tag-actu","9":"tag-actu-paris","10":"tag-actualites","11":"tag-actualites-paris","12":"tag-assemblee-nationale","13":"tag-elections-municipales","14":"tag-eu","15":"tag-europe","16":"tag-fr","17":"tag-france","18":"tag-municipales-2026","19":"tag-news","20":"tag-news-paris","21":"tag-paris","22":"tag-paris-news","23":"tag-politique","24":"tag-republique-francaise"},"share_on_mastodon":{"url":"https:\/\/pubeurope.com\/@fr\/114830562037697014","error":""},"_links":{"self":[{"href":"https:\/\/www.europesays.com\/fr\/wp-json\/wp\/v2\/posts\/240743","targetHints":{"allow":["GET"]}}],"collection":[{"href":"https:\/\/www.europesays.com\/fr\/wp-json\/wp\/v2\/posts"}],"about":[{"href":"https:\/\/www.europesays.com\/fr\/wp-json\/wp\/v2\/types\/post"}],"author":[{"embeddable":true,"href":"https:\/\/www.europesays.com\/fr\/wp-json\/wp\/v2\/users\/2"}],"replies":[{"embeddable":true,"href":"https:\/\/www.europesays.com\/fr\/wp-json\/wp\/v2\/comments?post=240743"}],"version-history":[{"count":0,"href":"https:\/\/www.europesays.com\/fr\/wp-json\/wp\/v2\/posts\/240743\/revisions"}],"wp:featuredmedia":[{"embeddable":true,"href":"https:\/\/www.europesays.com\/fr\/wp-json\/wp\/v2\/media\/240744"}],"wp:attachment":[{"href":"https:\/\/www.europesays.com\/fr\/wp-json\/wp\/v2\/media?parent=240743"}],"wp:term":[{"taxonomy":"category","embeddable":true,"href":"https:\/\/www.europesays.com\/fr\/wp-json\/wp\/v2\/categories?post=240743"},{"taxonomy":"post_tag","embeddable":true,"href":"https:\/\/www.europesays.com\/fr\/wp-json\/wp\/v2\/tags?post=240743"}],"curies":[{"name":"wp","href":"https:\/\/api.w.org\/{rel}","templated":true}]}}