{"id":240745,"date":"2025-07-10T19:21:11","date_gmt":"2025-07-10T19:21:11","guid":{"rendered":"https:\/\/www.europesays.com\/fr\/240745\/"},"modified":"2025-07-10T19:21:11","modified_gmt":"2025-07-10T19:21:11","slug":"avec-le-faible-engouement-a-paris-la-finale-psg-chelsea-ninquiete-pas-fortement-les-autorites","status":"publish","type":"post","link":"https:\/\/www.europesays.com\/fr\/240745\/","title":{"rendered":"avec le faible engouement \u00e0 Paris, la finale PSG-Chelsea n&rsquo;inqui\u00e8te pas fortement les autorit\u00e9s"},"content":{"rendered":"<p class=\"mb-4 text-lg md:leading-8 break-words\">La <a href=\"https:\/\/rmcsport.bfmtv.com\/football\/mondial-des-clubs\/\" rel=\"nofollow noopener\" target=\"_blank\" data-ylk=\"slk:Coupe du monde des clubs;elm:context_link;itc:0;sec:content-canvas\" class=\"link \">Coupe du monde des clubs<\/a> n\u2019ayant pas connu une ferveur exceptionnelle en France, les autorit\u00e9s ne s&rsquo;attendent donc pas \u00e0 un afflux de supporters dimanche soir sur les Champs-\u00c9lys\u00e9es en cas de titre du club de la capitale. \u00ab\u00a0Elle est plut\u00f4t pass\u00e9e inaper\u00e7ue cette comp\u00e9tition, on est tr\u00e8s loin d&rsquo;une finale de Ligue des Champions ou d&rsquo;une finale de Coupe du Monde sur le plan s\u00e9curitaire\u00a0\u00bb, souffle une source bien inform\u00e9e \u00e0 ce sujet. M\u00eame si <a href=\"https:\/\/fr.news.yahoo.com\/sport\/psg-inter-milan-images-impressionnantes-231129063.html\" data-ylk=\"slk:les images du 31 mai dernier sont encore dans toutes les t\u00eates;elm:context_link;itc:0;sec:content-canvas;outcm:mb_qualified_link;_E:mb_qualified_link;ct:story;\" class=\"link  yahoo-link\" target=\"_blank\" rel=\"noopener\">les images du 31 mai dernier sont encore dans toutes les t\u00eates<\/a> et demandent une vigilance renforc\u00e9e.<\/p>\n<p class=\"mb-4 text-lg md:leading-8 break-words\">Surtout que les installations du d\u00e9fil\u00e9 du 14 juillet seront d\u00e9j\u00e0 en place et occuperont une bonne partie de l&rsquo;avenue. Cette ann\u00e9e, les festivit\u00e9s du 14 juillet se d\u00e9roulent sur un week-end de trois jours, avec une m\u00e9t\u00e9o favorable, ce qui laisse craindre aux autorit\u00e9s des d\u00e9bordements avec de possibles \u00e9pisodes de violences urbaines, l&rsquo;usage de mortiers d&rsquo;artifice en direction de forces de s\u00e9curit\u00e9, ou encore des incendies de poubelles ou de v\u00e9hicules. Il n&rsquo;y a toutefois pas de signaux particuli\u00e8rement inqui\u00e9tants, ou d&rsquo;appels capt\u00e9s sur les r\u00e9seaux sociaux \u00e0 commettre quoi que ce soit, glisse une source bien inform\u00e9e.<\/p>\n<p class=\"mb-4 text-lg md:leading-8 break-words\">En revanche, le contexte est diff\u00e9rent des ann\u00e9es pass\u00e9es, poursuit cette source. L&rsquo;ann\u00e9e derni\u00e8re, il y avait les Jeux olympiques, et l&rsquo;ann\u00e9e d&rsquo;avant c&rsquo;\u00e9tait une p\u00e9riode post-\u00e9meutes donc dans les deux cas, il y avait un fort d\u00e9ploiement des forces de l&rsquo;ordre, qui ne devrait pas \u00eatre aussi important cette ann\u00e9e. Des op\u00e9rations de police et de gendarmerie ont lieu en amont, en ce moment, pour d\u00e9manteler les r\u00e9seaux d&rsquo;importation de mortiers d&rsquo;artifice, venus notamment de Pologne.<\/p>\n<p>Autour de 500 policiers et gendarmes<\/p>\n<p class=\"mb-4 text-lg md:leading-8 break-words\">Lors de la demi- finale, <b><a href=\"https:\/\/rmcsport.bfmtv.com\/football\/mondial-des-clubs\/direct-psg-real-madrid-suivez-le-choc-des-demi-finales-de-la-coupe-du-monde-des-clubs-2025-en-live_LS-202507090434.html\" rel=\"nofollow noopener\" target=\"_blank\" data-ylk=\"slk:mercredi soir face au Real Madrid;elm:context_link;itc:0;sec:content-canvas\" class=\"link \">mercredi soir face au Real Madrid<\/a><\/b>, un dispositif de s\u00e9curit\u00e9 avait d\u00e9j\u00e0 \u00e9t\u00e9 mis en place par la Pr\u00e9fecture de Police de Paris, avec des policiers et des drones mobilis\u00e9s, afin d&rsquo;\u00e9viter des troubles apr\u00e8s la rencontre.<\/p>\n<p class=\"mb-4 text-lg md:leading-8 break-words\">Selon plusieurs sources, le dispositif sera reconduit dimanche et sera m\u00eame renforc\u00e9. Plusieurs interlocuteurs \u00e9voquent autour de 500 policiers et gendarmes mobilis\u00e9s. Comme d&rsquo;habitude, les autorit\u00e9s craignent surtout des fauteurs de troubles qui profitent d&rsquo;une c\u00e9l\u00e9bration sportive.<\/p>\n<p class=\"mb-4 text-lg md:leading-8 break-words\">En revanche, avec le beau temps, les autorit\u00e9s s&rsquo;attendent \u00e0 des terrasses pleines, dimanche soir pour cette rencontre. Aucune fan zone n&rsquo;est install\u00e9e pour cette finale. Si le PSG remporte le titre, le troph\u00e9e sera pr\u00e9sent\u00e9 au Parc des Princes, mi-ao\u00fbt. C\u00f4t\u00e9 supporters, pour le moment, aucun rassemblement des fans parisiens est programm\u00e9. Les bars devraient servir de points de rassemblement.<\/p>\n<p class=\"mb-4 text-lg md:leading-8 break-words\"><a href=\"https:\/\/rmcsport.bfmtv.com\/football\/mondial-des-clubs\/coupe-du-monde-des-clubs-avec-le-faible-engouement-a-paris-la-finale-psg-chelsea-n-inquiete-pas-fortement-les-autorites_AV-202507100677.html#xtor=AL-68\" rel=\"nofollow noopener\" target=\"_blank\" data-ylk=\"slk:Article original publi\u00e9 sur RMC Sport;elm:context_link;itc:0;sec:content-canvas\" class=\"link \">Article original publi\u00e9 sur RMC Sport<\/a><\/p>\n","protected":false},"excerpt":{"rendered":"La Coupe du monde des clubs n\u2019ayant pas connu une ferveur exceptionnelle en France, les autorit\u00e9s ne s&rsquo;attendent&hellip;\n","protected":false},"author":2,"featured_media":240746,"comment_status":"","ping_status":"","sticky":false,"template":"","format":"standard","meta":{"footnotes":""},"categories":[1888],"tags":[1111,1928,11,1927,7151,22813,1777,674,1011,27,15001,447,12,1926,2334,626,1925,1931,93,25],"class_list":{"0":"post-240745","1":"post","2":"type-post","3":"status-publish","4":"format-standard","5":"has-post-thumbnail","7":"category-paris","8":"tag-actu","9":"tag-actu-paris","10":"tag-actualites","11":"tag-actualites-paris","12":"tag-coupe-du-monde-des-clubs","13":"tag-dimanche-soir","14":"tag-eu","15":"tag-europe","16":"tag-fr","17":"tag-france","18":"tag-les-champs-elysees","19":"tag-ligue-des-champions","20":"tag-news","21":"tag-news-paris","22":"tag-parc-des-princes","23":"tag-paris","24":"tag-paris-news","25":"tag-prefecture-de-police-de-paris","26":"tag-psg","27":"tag-republique-francaise"},"share_on_mastodon":{"url":"https:\/\/pubeurope.com\/@fr\/114830565854921139","error":""},"_links":{"self":[{"href":"https:\/\/www.europesays.com\/fr\/wp-json\/wp\/v2\/posts\/240745","targetHints":{"allow":["GET"]}}],"collection":[{"href":"https:\/\/www.europesays.com\/fr\/wp-json\/wp\/v2\/posts"}],"about":[{"href":"https:\/\/www.europesays.com\/fr\/wp-json\/wp\/v2\/types\/post"}],"author":[{"embeddable":true,"href":"https:\/\/www.europesays.com\/fr\/wp-json\/wp\/v2\/users\/2"}],"replies":[{"embeddable":true,"href":"https:\/\/www.europesays.com\/fr\/wp-json\/wp\/v2\/comments?post=240745"}],"version-history":[{"count":0,"href":"https:\/\/www.europesays.com\/fr\/wp-json\/wp\/v2\/posts\/240745\/revisions"}],"wp:featuredmedia":[{"embeddable":true,"href":"https:\/\/www.europesays.com\/fr\/wp-json\/wp\/v2\/media\/240746"}],"wp:attachment":[{"href":"https:\/\/www.europesays.com\/fr\/wp-json\/wp\/v2\/media?parent=240745"}],"wp:term":[{"taxonomy":"category","embeddable":true,"href":"https:\/\/www.europesays.com\/fr\/wp-json\/wp\/v2\/categories?post=240745"},{"taxonomy":"post_tag","embeddable":true,"href":"https:\/\/www.europesays.com\/fr\/wp-json\/wp\/v2\/tags?post=240745"}],"curies":[{"name":"wp","href":"https:\/\/api.w.org\/{rel}","templated":true}]}}