{"id":240762,"date":"2025-07-10T19:30:09","date_gmt":"2025-07-10T19:30:09","guid":{"rendered":"https:\/\/www.europesays.com\/fr\/240762\/"},"modified":"2025-07-10T19:30:09","modified_gmt":"2025-07-10T19:30:09","slug":"la-pologne-condamnee-par-la-justice-europeenne-a-payer-une-amende-de-83-millions-deuros","status":"publish","type":"post","link":"https:\/\/www.europesays.com\/fr\/240762\/","title":{"rendered":"La Pologne condamn\u00e9e par la justice europ\u00e9enne \u00e0 payer une amende de 8,3 millions d&rsquo;euros"},"content":{"rendered":"<p>\n  Par&amp;nbsp<b>Euronews<\/b><\/p>\n<p>\n         Publi\u00e9 le<br \/>\n            10\/07\/2025 &#8211; 20:08 UTC+2<\/p>\n<p><img decoding=\"async\" class=\"c-ad__placeholder__logo\" src=\"https:\/\/static.euronews.com\/website\/images\/logos\/logo-euronews-grey-6-180x22.svg\" width=\"180\" height=\"22\" alt=\"\" loading=\"lazy\"\/>PUBLICIT\u00c9<\/p>\n<p>Les \u00c9tats membres, dont la Pologne, \u00e9taient tenus d&rsquo;introduire les r\u00e9glementations n\u00e9cessaires \u00e0 la mise en \u0153uvre de la directive <strong>avant le 7 juin 2021<\/strong>.<\/p>\n<p>Comme le rapporte la Cour de justice de l&rsquo;Union europ\u00e9enne (CJUE) dans son rapport,  la Pologne aurait manqu\u00e9 aux obligations qui lui incombent par rapport \u00e0 la directive fixant les r\u00e8gles relatives \u00e0 l&rsquo;exercice du droit d&rsquo;auteur et des droits voisins applicables \u00e0 certaines transmissions en ligne par des organismes de radiodiffusion et \u00e0 la retransmission de programmes de t\u00e9l\u00e9vision et de radio. Le pays est accus\u00e9 de ne pas avoir adopt\u00e9 les r\u00e9glementations n\u00e9cessaires \u00e0 sa mise en \u0153uvre. Au lieu de mettre en \u0153uvre la l\u00e9gislation avant juin 2021, la Pologne ne l&rsquo;a fait qu&rsquo;en 2024.<\/p>\n<p>La CJUE a estim\u00e9 que la Pologne avait manqu\u00e9 \u00e0 ses obligations et que les arguments pr\u00e9sent\u00e9s par le pays ne justifiaient pas ce retard.<\/p>\n<p>La Cour a rejet\u00e9 les arguments avanc\u00e9s par le pays pour expliquer ce retard. Parmi les arguments \u00e9voqu\u00e9s par la Pologne, il y a celui de la n\u00e9cessit\u00e9 de proc\u00e9der \u00e0 des consultations publiques dans le cadre de son travail l\u00e9gislatif ou encore celui des difficult\u00e9s caus\u00e9es par la pand\u00e9mie de Covid-19. Des explications rejet\u00e9es par la CJUE.<\/p>\n<p>La Cour a condamn\u00e9 la Pologne \u00e0 verser \u00e0 la Commission la somme de <strong>8,3 millions d&rsquo;euros<\/strong>, estimant que cette mesure \u00e9tait n\u00e9cessaire pour pr\u00e9venir des violations similaires du droit communautaire \u00e0 l&rsquo;avenir et pour en assurer la pleine efficacit\u00e9.<\/p>\n<p>La Commission europ\u00e9enne, qui \u00e9tait le plaignant, a soulign\u00e9 que le retard dans la mise en \u0153uvre de la l\u00e9gislation emp\u00eachait les cr\u00e9ateurs et les diffuseurs de b\u00e9n\u00e9ficier des nouvelles r\u00e8gles sur l&rsquo;acc\u00e8s au contenu en ligne dans l&rsquo;UE.<\/p>\n","protected":false},"excerpt":{"rendered":"Par&amp;nbspEuronews Publi\u00e9 le 10\/07\/2025 &#8211; 20:08 UTC+2 PUBLICIT\u00c9 Les \u00c9tats membres, dont la Pologne, \u00e9taient tenus d&rsquo;introduire les&hellip;\n","protected":false},"author":2,"featured_media":240763,"comment_status":"","ping_status":"","sticky":false,"template":"","format":"standard","meta":{"footnotes":""},"categories":[1586],"tags":[11,2196,15965,1777,674,1779,1011,27,12,2437,25,1778,364],"class_list":{"0":"post-240762","1":"post","2":"type-post","3":"status-publish","4":"format-standard","5":"has-post-thumbnail","7":"category-europe","8":"tag-actualites","9":"tag-commission-europeenne","10":"tag-cour-de-justice-europeenne","11":"tag-eu","12":"tag-europe","13":"tag-european-union","14":"tag-fr","15":"tag-france","16":"tag-news","17":"tag-pologne","18":"tag-republique-francaise","19":"tag-ue","20":"tag-union-europeenne"},"share_on_mastodon":{"url":"https:\/\/pubeurope.com\/@fr\/114830601355074182","error":""},"_links":{"self":[{"href":"https:\/\/www.europesays.com\/fr\/wp-json\/wp\/v2\/posts\/240762","targetHints":{"allow":["GET"]}}],"collection":[{"href":"https:\/\/www.europesays.com\/fr\/wp-json\/wp\/v2\/posts"}],"about":[{"href":"https:\/\/www.europesays.com\/fr\/wp-json\/wp\/v2\/types\/post"}],"author":[{"embeddable":true,"href":"https:\/\/www.europesays.com\/fr\/wp-json\/wp\/v2\/users\/2"}],"replies":[{"embeddable":true,"href":"https:\/\/www.europesays.com\/fr\/wp-json\/wp\/v2\/comments?post=240762"}],"version-history":[{"count":0,"href":"https:\/\/www.europesays.com\/fr\/wp-json\/wp\/v2\/posts\/240762\/revisions"}],"wp:featuredmedia":[{"embeddable":true,"href":"https:\/\/www.europesays.com\/fr\/wp-json\/wp\/v2\/media\/240763"}],"wp:attachment":[{"href":"https:\/\/www.europesays.com\/fr\/wp-json\/wp\/v2\/media?parent=240762"}],"wp:term":[{"taxonomy":"category","embeddable":true,"href":"https:\/\/www.europesays.com\/fr\/wp-json\/wp\/v2\/categories?post=240762"},{"taxonomy":"post_tag","embeddable":true,"href":"https:\/\/www.europesays.com\/fr\/wp-json\/wp\/v2\/tags?post=240762"}],"curies":[{"name":"wp","href":"https:\/\/api.w.org\/{rel}","templated":true}]}}