{"id":240766,"date":"2025-07-10T19:32:15","date_gmt":"2025-07-10T19:32:15","guid":{"rendered":"https:\/\/www.europesays.com\/fr\/240766\/"},"modified":"2025-07-10T19:32:15","modified_gmt":"2025-07-10T19:32:15","slug":"la-reforme-du-scrutin-a-paris-lyon-marseille-adoptee-a-neuf-mois-des-municipales-au-plus-grand-bonheur-de-rachida-dati","status":"publish","type":"post","link":"https:\/\/www.europesays.com\/fr\/240766\/","title":{"rendered":"La r\u00e9forme du scrutin \u00e0 Paris, Lyon, Marseille adopt\u00e9e \u00e0 neuf mois des municipales, au plus grand bonheur de Rachida Dati"},"content":{"rendered":"<p>Le Parlement a adopt\u00e9 d\u00e9finitivement la sulfureuse loi dite \u00ab\u00a0PLM\u00a0\u00bb, ce jeudi 10\u00a0juillet. <a href=\"https:\/\/www.humanite.fr\/politique\/conseil-de-paris\/loi-plm-les-petites-manoeuvres-de-la-droite-et-des-macronistes-pour-arreter-de-perdre-aux-municipales-a-paris-lyon-et-marseille\" target=\"_blank\" rel=\"noopener\">Le texte r\u00e9formant fortement le mode de scrutin dans les municipalit\u00e9s de Paris, Lyon et Marseille<\/a> a \u00e9t\u00e9 valid\u00e9 par 117 voix (34 contre) \u00e0 l\u2019Assembl\u00e9e nationale.<\/p>\n<p>D\u00e9sormais, les \u00e9lecteurs voteront non plus pour une seule liste, mais deux. L\u2019une pour le conseil municipal central, l\u2019autre pour le conseil d\u2019arrondissement. Depuis 1982, ils se pronon\u00e7aient en faveur d\u2019une liste de leur arrondissement, au sein de laquelle \u00e9taient d\u00e9sign\u00e9s quelques conseillers municipaux centraux.<\/p>\n<p>Au S\u00e9nat, la chambre qui repr\u00e9sente les territoires, le texte avait \u00e9t\u00e9 rejet\u00e9 mercredi. C\u2019est la premi\u00e8re fois depuis que Fran\u00e7ois Bayrou est \u00e0 Matignon qu\u2019un texte est adopt\u00e9 sans l\u2019assentiment de la Chambre haute.<\/p>\n<p>Le S\u00e9nat oppos\u00e9 \u00e0 la r\u00e9forme<\/p>\n<p>Tant les s\u00e9nateurs Les R\u00e9publicains que socialistes refusaient un changement du mode de scrutin\u00a0: \u00ab\u00a0\u00c0 moins d\u2019un an des municipales, ce coup de force doit \u00eatre enterr\u00e9. D\u00e9finitivement\u00a0\u00bb, avait d\u00e9clar\u00e9 le s\u00e9nateur communiste Ian Brossat le 4\u00a0juin dans l\u2019h\u00e9micycle. Mercredi, il rench\u00e9rissait\u00a0: \u00ab\u00a0Les in\u00e9galit\u00e9s sociales enregistrent un record jamais atteint depuis les ann\u00e9es 1970. De quoi d\u00e9bat le Parlement\u00a0? Du tripatouillage du mode de scrutin parisien\u00a0\u00bb.<\/p>\n<p>Val\u00e9rie Boyer, s\u00e9natrice LR, a us\u00e9 des termes similaires, critiquant mercredi un \u00ab\u00a0tripatouillage \u00e9lectoral\u00a0\u00bb. Les promoteurs de la proposition de loi font valoir, \u00e0 l\u2019instar du rapporteur du texte \u00e0 l\u2019Assembl\u00e9e, le d\u00e9put\u00e9 Modem Jean-Paul Mattei, que le syst\u00e8me en vigueur est \u00ab\u00a0complexe\u00a0\u00bb et \u00ab\u00a0peu lisible\u00a0\u00bb pour les citoyens.<\/p>\n<p>La proposition de loi <a href=\"https:\/\/www.humanite.fr\/politique\/elections-municipales\/municipales-lassemblee-nationale-donne-son-feu-vert-a-la-reforme-du-scrutin-a-paris-lyon-et-marseille\" target=\"_blank\" rel=\"noopener\">avait \u00e9t\u00e9 d\u00e9pos\u00e9e en octobre 2024 au bureau de l\u2019Assembl\u00e9e<\/a>, peu apr\u00e8s l\u2019entr\u00e9e de la cheffe de file des R\u00e9publicains \u00e0 Paris Rachida Dati en janvier. Celle-ci pense pouvoir se faire \u00e9lire sur son nom. \u00ab\u00a0Vous \u00eates en train d\u2019instaurer <a href=\"https:\/\/www.humanite.fr\/politique\/elections-municipales\/loi-plm-le-coup-de-pouce-de-macron-pour-aider-dati-a-gagner-la-mairie-de-paris\" target=\"_blank\" rel=\"noopener\">un mode de scrutin fait pour une ministre candidate<\/a>, mise en examen pour corruption et trafic d\u2019influence. J\u2019esp\u00e8re que cela se retournera contre vous\u00a0\u00bb, a attaqu\u00e9 mercredi le s\u00e9nateur PS de Paris (et ancien candidat \u00e0 la primaire socialiste) R\u00e9mi F\u00e9raud.<\/p>\n<p>Une campagne personnalis\u00e9e<\/p>\n<p>Le vote \u00e0 l\u2019\u00e9chelle de tout Paris, Lyon, ou Marseille contribue <a href=\"https:\/\/www.humanite.fr\/politique\/elections-municipales\/a-un-an-des-municipales-de-2026-comment-la-gauche-fait-de-la-ville-un-laboratoire-grandeur-nature\" target=\"_blank\" rel=\"noopener\">\u00e0 personnifier la campagne des municipales<\/a> sur le seul nom du futur maire central, au d\u00e9triment de l\u2019\u00e9quilibre entre maire d\u2019arrondissement et maire de la commune. Par ailleurs, cela permet \u00e0 des forces peu implant\u00e9es de faire un meilleur score que si le scrutin se d\u00e9roulait dans les arrondissements\u00a0: c\u2019est le cas du Rassemblement national, de Renaissance et de la France insoumise.<\/p>\n<p>\u00c0 l\u2019Assembl\u00e9e nationale, le texte a eu l\u2019assentiment du RN, des macronistes d\u2019Ensemble pour la R\u00e9publique, de LFI, de la Droite r\u00e9publicaine et du Modem, ainsi que d\u2019une partie, minoritaire, des socialistes.<\/p>\n<p>Au S\u00e9nat, tant la gauche que Les R\u00e9publicains promettent de saisir le Conseil constitutionnel. L\u2019organisation de deux scrutins s\u00e9par\u00e9s cr\u00e9e une charge suppl\u00e9mentaire au budget de l\u2019\u00c9tat, ce qui est interdit dans le cadre d\u2019une proposition de loi. Par ailleurs, \u00e0 Lyon, la r\u00e9forme entra\u00eene non pas deux votes s\u00e9par\u00e9s mais trois, l\u2019un pour les arrondissements, l\u2019autre pour la mairie, et le troisi\u00e8me pour la m\u00e9tropole. Une complexit\u00e9 que pourraient refuser les sages de la rue Montpensier.<\/p>\n<p>Urgence pour l\u2019Humanit\u00e9<br \/>Votre don peut tout changer<\/p>\n<p>Faites vivre un m\u00e9dia libre et engag\u00e9, toujours du c\u00f4t\u00e9 de celles et ceux qui luttent<br \/><a href=\"https:\/\/abonnement.humanite.fr\/don-humanite\/\" data-type=\"link\" data-id=\"https:\/\/stage.preprod.humanite.fr\/lhumanite-cest-vous\" target=\"_blank\" rel=\"noopener\">Je veux en savoir plus<\/a><\/p>\n","protected":false},"excerpt":{"rendered":"Le Parlement a adopt\u00e9 d\u00e9finitivement la sulfureuse loi dite \u00ab\u00a0PLM\u00a0\u00bb, ce jeudi 10\u00a0juillet. Le texte r\u00e9formant fortement le&hellip;\n","protected":false},"author":2,"featured_media":240767,"comment_status":"","ping_status":"","sticky":false,"template":"","format":"standard","meta":{"footnotes":""},"categories":[2],"tags":[11,6428,4188,1011,27,35698,2428,12,626,25],"class_list":{"0":"post-240766","1":"post","2":"type-post","3":"status-publish","4":"format-standard","5":"has-post-thumbnail","7":"category-actualites","8":"tag-actualites","9":"tag-assemblu00e9e-nationale","10":"tag-elections-municipales","11":"tag-fr","12":"tag-france","13":"tag-ian-brossat","14":"tag-lyon","15":"tag-news","16":"tag-paris","17":"tag-republique-francaise"},"share_on_mastodon":{"url":"https:\/\/pubeurope.com\/@fr\/114830609233964456","error":""},"_links":{"self":[{"href":"https:\/\/www.europesays.com\/fr\/wp-json\/wp\/v2\/posts\/240766","targetHints":{"allow":["GET"]}}],"collection":[{"href":"https:\/\/www.europesays.com\/fr\/wp-json\/wp\/v2\/posts"}],"about":[{"href":"https:\/\/www.europesays.com\/fr\/wp-json\/wp\/v2\/types\/post"}],"author":[{"embeddable":true,"href":"https:\/\/www.europesays.com\/fr\/wp-json\/wp\/v2\/users\/2"}],"replies":[{"embeddable":true,"href":"https:\/\/www.europesays.com\/fr\/wp-json\/wp\/v2\/comments?post=240766"}],"version-history":[{"count":0,"href":"https:\/\/www.europesays.com\/fr\/wp-json\/wp\/v2\/posts\/240766\/revisions"}],"wp:featuredmedia":[{"embeddable":true,"href":"https:\/\/www.europesays.com\/fr\/wp-json\/wp\/v2\/media\/240767"}],"wp:attachment":[{"href":"https:\/\/www.europesays.com\/fr\/wp-json\/wp\/v2\/media?parent=240766"}],"wp:term":[{"taxonomy":"category","embeddable":true,"href":"https:\/\/www.europesays.com\/fr\/wp-json\/wp\/v2\/categories?post=240766"},{"taxonomy":"post_tag","embeddable":true,"href":"https:\/\/www.europesays.com\/fr\/wp-json\/wp\/v2\/tags?post=240766"}],"curies":[{"name":"wp","href":"https:\/\/api.w.org\/{rel}","templated":true}]}}