{"id":240784,"date":"2025-07-10T19:43:10","date_gmt":"2025-07-10T19:43:10","guid":{"rendered":"https:\/\/www.europesays.com\/fr\/240784\/"},"modified":"2025-07-10T19:43:10","modified_gmt":"2025-07-10T19:43:10","slug":"societe-la-semuroise-alizee-agier-ambassadrice-de-la-nouvelle-barbie-atteinte-de-diabete","status":"publish","type":"post","link":"https:\/\/www.europesays.com\/fr\/240784\/","title":{"rendered":"Soci\u00e9t\u00e9. La Semuroise Aliz\u00e9e Agier ambassadrice de la nouvelle Barbie atteinte de diab\u00e8te"},"content":{"rendered":"<p class=\"_ap3a _aaco _aacu _aacx _aad7 _aade\" dir=\"auto\">Qui de mieux qu&rsquo;une personne souffrant de diab\u00e8te pour repr\u00e9senter un jouet poss\u00e9dant les caract\u00e9ristiques\u00a0de cette maladie\u00a0? Mattel, le c\u00e9l\u00e8bre fabriquant, l&rsquo;a trouv\u00e9e. Et il s&rsquo;agit d&rsquo;Aliz\u00e9e Agier.<\/p>\n<p class=\"_ap3a _aaco _aacu _aacx _aad7 _aade\" dir=\"auto\">La championne du monde de karat\u00e9, n\u00e9e \u00e0 Semur-en-Auxois, a en effet \u00e9t\u00e9 diagnostiqu\u00e9e, alors qu&rsquo;elle \u00e9tait \u00e0 peine majeure, d\u2019un diab\u00e8te de type 1.<\/p>\n<p>Un r\u00eave bris\u00e9 et une revanche \u00e0 prendre<\/p>\n<p class=\"_ap3a _aaco _aacu _aacx _aad7 _aade\" dir=\"auto\">Longtemps, la C\u00f4te-d&rsquo;Orienne au palmar\u00e8s long comme le bras a fait du diab\u00e8te son combat, notamment pour concilier maladie et sport de haut-niveau.<\/p>\n<p class=\"_ap3a _aaco _aacu _aacx _aad7 _aade\" dir=\"auto\">Car tr\u00e8s t\u00f4t, Aliz\u00e9e Agier a vu son r\u00eave bris\u00e9.\u00a0\u00ab J\u2019ai \u00e9t\u00e9 recal\u00e9e au concours pour entrer dans la\u00a0police\u00a0nationale en raison de mon diab\u00e8te. C\u2019\u00e9tait une grosse d\u00e9ception pour moi, forc\u00e9ment. Et ce d\u2019autant que je sais avoir les capacit\u00e9s pour cette profession. \u00bb Que faire dans ce cas-l\u00e0 ? \u00ab Pas le choix : on trouve une nouvelle voie \u00bb, avouait-elle dans nos colonnes il y a quelques ann\u00e9es.<\/p>\n<p>\u00ab Un beau message d\u2019inclusion adress\u00e9 aux plus jeunes\u00a0\u00bb<\/p>\n<p class=\"_ap3a _aaco _aacu _aacx _aad7 _aade\" dir=\"auto\"><a href=\"https:\/\/www.bienpublic.com\/actualite\/2017\/01\/09\/la-semuroise-alizee-agier\" target=\"_blank\" rel=\"noopener\">Tr\u00e8s engag\u00e9e pour cette cause<\/a>, celle qui s&rsquo;est derni\u00e8rement illustr\u00e9e aux championnats d&rsquo;Europe en 2024 &#8211; championne d\u2019Europe en kumite -68\u00a0kg &#8211;\u00a0 a particip\u00e9\u00a0\u00e0 plusieurs \u00e9v\u00e8nements et \u00e0 des campagnes nationales, aupr\u00e8s de la F\u00e9d\u00e9ration fran\u00e7aise des diab\u00e9tiques.<\/p>\n<p class=\"_ap3a _aaco _aacu _aacx _aad7 _aade\" dir=\"auto\">Cette fois, la karat\u00e9kate tricolore a eu la chance d&rsquo;\u00eatre choisie par Mattel pour promouvoir sa derni\u00e8re sortie.\u00a0<\/p>\n<p class=\"_ap3a _aaco _aacu _aacx _aad7 _aade\" dir=\"auto\">\u00ab\u00a0Tr\u00e8s heureuse d\u2019\u00eatre l\u2019ambassadrice de cette nouvelle poup\u00e9e Barbie. Avoir cr\u00e9\u00e9 une poup\u00e9e repr\u00e9sentant les caract\u00e9ristiques d\u2019un diab\u00e8te de type 1 est un beau message d\u2019inclusion adress\u00e9 aux plus jeunes. C\u2019est aussi l\u2019occasion de rappeler que le diab\u00e8te de type 1 fait partie de la vie de nombreux enfants, et qu\u2019ils m\u00e9ritent d\u2019\u00eatre repr\u00e9sent\u00e9s avec justesse, fiert\u00e9 et bienveillance\u00a0\u00bb, a r\u00e9agit la sportive bourguignonne sur Instagram.<\/p>\n<p>  Talons et sac \u00e0 main assortis&#8230; et moniteur de glucose et pompe \u00e0 insuline<\/p>\n<p>Commercialis\u00e9e\u00a0sous l&rsquo;impulsion de l\u2019association <a href=\"https:\/\/www.ajd-diabete.fr\/\" target=\"_blank\" rel=\"noopener\">Aide aux jeunes diab\u00e9tiques<\/a>, qui accompagne les personnes ayant un diab\u00e8te de type 1 et leur famille, cette Barbie est v\u00eatue d&rsquo;une robe bleue \u00e0 pois, rappelant le symbole mondial de la sensibilisation au diab\u00e8te.\u00a0<\/p>\n<p>Sur son bras, un capteur de glucose en continu. Aussi, elle porte \u00e0 la taille une pompe \u00e0 insuline, un dispositif m\u00e9dical portable qui assure un apport continu d\u2019insuline.\u00a0<\/p>\n<p>Enfin, elle tient aussi un sac \u00e0 main ainsi qu&rsquo;un t\u00e9l\u00e9phone affichant une application pour suivre ses taux de glyc\u00e9mie au cours de la journ\u00e9e, comme les diab\u00e9tiques le connaissent.\u00a0<\/p>\n","protected":false},"excerpt":{"rendered":"Qui de mieux qu&rsquo;une personne souffrant de diab\u00e8te pour repr\u00e9senter un jouet poss\u00e9dant les caract\u00e9ristiques\u00a0de cette maladie\u00a0? Mattel,&hellip;\n","protected":false},"author":2,"featured_media":240785,"comment_status":"","ping_status":"","sticky":false,"template":"","format":"standard","meta":{"footnotes":""},"categories":[1359],"tags":[2931,58,11743,59,107,1011,27,973,71,38029,104],"class_list":{"0":"post-240784","1":"post","2":"type-post","3":"status-publish","4":"format-standard","5":"has-post-thumbnail","7":"category-people","8":"tag-cote-dor","9":"tag-divertissement","10":"tag-edition-haute-cote-dor","11":"tag-entertainment","12":"tag-fil-info","13":"tag-fr","14":"tag-france","15":"tag-people","16":"tag-sante","17":"tag-semur-en-auxois","18":"tag-societe"},"share_on_mastodon":{"url":"https:\/\/pubeurope.com\/@fr\/114830652381166186","error":""},"_links":{"self":[{"href":"https:\/\/www.europesays.com\/fr\/wp-json\/wp\/v2\/posts\/240784","targetHints":{"allow":["GET"]}}],"collection":[{"href":"https:\/\/www.europesays.com\/fr\/wp-json\/wp\/v2\/posts"}],"about":[{"href":"https:\/\/www.europesays.com\/fr\/wp-json\/wp\/v2\/types\/post"}],"author":[{"embeddable":true,"href":"https:\/\/www.europesays.com\/fr\/wp-json\/wp\/v2\/users\/2"}],"replies":[{"embeddable":true,"href":"https:\/\/www.europesays.com\/fr\/wp-json\/wp\/v2\/comments?post=240784"}],"version-history":[{"count":0,"href":"https:\/\/www.europesays.com\/fr\/wp-json\/wp\/v2\/posts\/240784\/revisions"}],"wp:featuredmedia":[{"embeddable":true,"href":"https:\/\/www.europesays.com\/fr\/wp-json\/wp\/v2\/media\/240785"}],"wp:attachment":[{"href":"https:\/\/www.europesays.com\/fr\/wp-json\/wp\/v2\/media?parent=240784"}],"wp:term":[{"taxonomy":"category","embeddable":true,"href":"https:\/\/www.europesays.com\/fr\/wp-json\/wp\/v2\/categories?post=240784"},{"taxonomy":"post_tag","embeddable":true,"href":"https:\/\/www.europesays.com\/fr\/wp-json\/wp\/v2\/tags?post=240784"}],"curies":[{"name":"wp","href":"https:\/\/api.w.org\/{rel}","templated":true}]}}