{"id":240803,"date":"2025-07-10T19:55:10","date_gmt":"2025-07-10T19:55:10","guid":{"rendered":"https:\/\/www.europesays.com\/fr\/240803\/"},"modified":"2025-07-10T19:55:10","modified_gmt":"2025-07-10T19:55:10","slug":"liran-reconnait-avoir-arrete-le-jeune-cyclotouriste-franco-allemand","status":"publish","type":"post","link":"https:\/\/www.europesays.com\/fr\/240803\/","title":{"rendered":"L\u2019Iran reconna\u00eet avoir \u00ab\u00a0arr\u00eat\u00e9\u00a0\u00bb le jeune cyclotouriste franco-allemand"},"content":{"rendered":"<p><a href=\"https:\/\/www.20minutes.fr\/societe\/4162208-20250706-iran-disait-risque-trop-grand-sait-disparition-lennart-monterlos-18-ans?at_medium=display&amp;at_campaign=149\" target=\"_blank\" class=\"color-ultramarine c-link\" rel=\"noopener\">Lennart Monterlos<\/a>, le cycliste franco-allemand de 18 ans port\u00e9 disparu depuis le 16\u00a0juin en Iran, a bien \u00e9t\u00e9 arr\u00eat\u00e9 par les autorit\u00e9s iraniennes. Le jeune homme \u00ab\u00a0a \u00e9t\u00e9 arr\u00eat\u00e9 pour avoir commis un d\u00e9lit\u00a0\u00bb, a annonc\u00e9 jeudi le chef de la <a href=\"https:\/\/www.20minutes.fr\/dossier\/diplomatie\" target=\"_blank\" class=\"color-ultramarine c-link\" rel=\"noopener\">diplomatie<\/a> iranienne au quotidien Le Monde. \u00ab\u00a0Une notification officielle concernant sa situation a \u00e9t\u00e9 transmise \u00e0 l\u2019ambassade de France\u00a0\u00bb, a ajout\u00e9 Abbas Araghchi.<\/p>\n<p>Interrog\u00e9 par l\u2019AFP, le <a href=\"https:\/\/www.20minutes.fr\/dossier\/ministere_des_affaires_etrangeres\" target=\"_blank\" class=\"color-ultramarine c-link\" rel=\"noopener\">minist\u00e8re fran\u00e7ais des Affaires \u00e9trang\u00e8res<\/a> a r\u00e9pondu \u00eatre \u00ab\u00a0en contact avec les autorit\u00e9s iraniennes au sujet de la situation\u00a0\u00bb du jeune cyclotouriste. \u00ab\u00a0Nous sommes \u00e9galement en lien avec la famille\u00a0\u00bb, a-t-il ajout\u00e9, se refusant \u00e0 faire d\u2019autres commentaires \u00ab\u00a0s\u2019agissant d\u2019une affaire qui met en jeu la s\u00e9curit\u00e9\u00a0\u00bb d\u2019un ressortissant fran\u00e7ais. Plus tard dans la soir\u00e9e, <a href=\"https:\/\/www.20minutes.fr\/politique\/francois_bayrou\/\" target=\"_blank\" class=\"color-ultramarine c-link\" rel=\"noopener\">Fran\u00e7ois Bayrou<\/a> a appel\u00e9 l\u2019Iran \u00e0 ne pas \u00ab\u00a0pers\u00e9cuter des innocents\u00a0\u00bb. \u00ab\u00a0Le devoir des pays est de ne pas pers\u00e9cuter des innocents qui sont parfois inconscients des risques qu\u2019ils courent\u00a0\u00bb, a affirm\u00e9 le Premier ministre sur LCI.<\/p>\n<\/p>\n<p>La France d\u00e9conseille de se rendre en Iran<\/p>\n<p>\u00ab\u00a0Nous avons un devoir [\u2026] de protection r\u00e9ciproque, surtout dans les temps si difficiles de tensions et de guerres\u00a0\u00bb et \u00ab\u00a0il faut le respecter\u00a0\u00bb. Fran\u00e7ois Bayrou a \u00e9galement appel\u00e9 les jeunes voyageurs \u00e0 \u00ab\u00a0respecter les consignes\u00a0\u00bb dont ce jeune cycliste \u00ab\u00a0s\u2019\u00e9tait moqu\u00e9\u00a0\u00bb. Mais l\u2019ex\u00e9cutif fran\u00e7ais ne \u00ab\u00a0parle pas davantage\u00a0\u00bb de son cas \u00ab\u00a0pour ne pas mettre en difficult\u00e9 ou en p\u00e9ril l\u2019issue de cette affaire\u00a0\u00bb.<\/p>\n<p><a href=\"https:\/\/www.20minutes.fr\/monde\/iran\/\" target=\"_blank\" class=\"c-link c-btn c-btn--primary\" rel=\"noopener\">Notre dossier sur l&rsquo;Iran<\/a><\/p>\n<p>Le jeune homme traversait l\u2019Iran \u00e0 v\u00e9lo dans le cadre d\u2019un long voyage vers Tokyo. Avant sa disparition, il avait \u00e9voqu\u00e9 les mises en garde de son entourage face aux risques dans la r\u00e9gion. Son dernier message sur Instagram, dat\u00e9 du 12\u00a0juin, prenait un ton humoristique sur le danger pr\u00e9sum\u00e9 de l\u2019Iran. La diplomatie fran\u00e7aise rappelle qu\u2019il est fortement d\u00e9conseill\u00e9 aux ressortissants fran\u00e7ais de se rendre en Iran et recommande \u00e0 ceux d\u00e9j\u00e0 pr\u00e9sents de quitter le pays imm\u00e9diatement en raison des risques d\u2019arrestation arbitraire.<\/p>\n","protected":false},"excerpt":{"rendered":"Lennart Monterlos, le cycliste franco-allemand de 18 ans port\u00e9 disparu depuis le 16\u00a0juin en Iran, a bien \u00e9t\u00e9&hellip;\n","protected":false},"author":2,"featured_media":240804,"comment_status":"","ping_status":"","sticky":false,"template":"","format":"standard","meta":{"footnotes":""},"categories":[4],"tags":[47,11,2441,312,5796,1011,27,2440,3019,74,12,9367,806,25],"class_list":{"0":"post-240803","1":"post","2":"type-post","3":"status-publish","4":"format-standard","5":"has-post-thumbnail","7":"category-france","8":"tag-actualite","9":"tag-actualites","10":"tag-arrestation","11":"tag-diplomatie","12":"tag-disparu","13":"tag-fr","14":"tag-france","15":"tag-instagram","16":"tag-iran","17":"tag-monde","18":"tag-news","19":"tag-otage","20":"tag-prison","21":"tag-republique-francaise"},"share_on_mastodon":{"url":"https:\/\/pubeurope.com\/@fr\/114830699619436003","error":""},"_links":{"self":[{"href":"https:\/\/www.europesays.com\/fr\/wp-json\/wp\/v2\/posts\/240803","targetHints":{"allow":["GET"]}}],"collection":[{"href":"https:\/\/www.europesays.com\/fr\/wp-json\/wp\/v2\/posts"}],"about":[{"href":"https:\/\/www.europesays.com\/fr\/wp-json\/wp\/v2\/types\/post"}],"author":[{"embeddable":true,"href":"https:\/\/www.europesays.com\/fr\/wp-json\/wp\/v2\/users\/2"}],"replies":[{"embeddable":true,"href":"https:\/\/www.europesays.com\/fr\/wp-json\/wp\/v2\/comments?post=240803"}],"version-history":[{"count":0,"href":"https:\/\/www.europesays.com\/fr\/wp-json\/wp\/v2\/posts\/240803\/revisions"}],"wp:featuredmedia":[{"embeddable":true,"href":"https:\/\/www.europesays.com\/fr\/wp-json\/wp\/v2\/media\/240804"}],"wp:attachment":[{"href":"https:\/\/www.europesays.com\/fr\/wp-json\/wp\/v2\/media?parent=240803"}],"wp:term":[{"taxonomy":"category","embeddable":true,"href":"https:\/\/www.europesays.com\/fr\/wp-json\/wp\/v2\/categories?post=240803"},{"taxonomy":"post_tag","embeddable":true,"href":"https:\/\/www.europesays.com\/fr\/wp-json\/wp\/v2\/tags?post=240803"}],"curies":[{"name":"wp","href":"https:\/\/api.w.org\/{rel}","templated":true}]}}