{"id":240805,"date":"2025-07-10T19:56:15","date_gmt":"2025-07-10T19:56:15","guid":{"rendered":"https:\/\/www.europesays.com\/fr\/240805\/"},"modified":"2025-07-10T19:56:15","modified_gmt":"2025-07-10T19:56:15","slug":"david-lisnard-cher-etat-big-mother-priere-de-rester-sur-le-pas-de-la-porte-le-figaro","status":"publish","type":"post","link":"https:\/\/www.europesays.com\/fr\/240805\/","title":{"rendered":"David Lisnard : \u00abCher \u00c9tat Big Mother, pri\u00e8re de rester sur le pas de la porte\u00bb &#8211; Le Figaro"},"content":{"rendered":"<ol>\n<li><a href=\"https:\/\/news.google.com\/rss\/articles\/CBMivgFBVV95cUxOd3VMVGdFems5aXlKenNzWVYyaXV4bzJVbGMtbS1QLUNfWEVTb0hVQzh6dWhSU0l5b1VqTm9HSk5MbzdsRFNEYXVUUHZXMHNOdWRXTWtFQWVENlRDUHBjSTd3d0FkT2IxNkQ0UkNUeGxZbVMzR0hZa1FYOVJYMUtHZmxpUEgxbTJMOXc3R0UwcEk5UTJldE5Tc1QyQUprazVfRHY1YlRSZ1h1WFB6dDlZVUhBTHE3c09JRjAweGJR?oc=5\" target=\"_blank\" rel=\"nofollow noopener\">David Lisnard : \u00abCher \u00c9tat Big Mother, pri\u00e8re de rester sur le pas de la porte\u00bb<\/a>&nbsp;&nbsp;Le Figaro<\/li>\n<li><a href=\"https:\/\/news.google.com\/rss\/articles\/CBMi2wFBVV95cUxNUlF4Q3ZCMy1yaEp2ZG5DMmNJZE5pVWdHc1hPaGhQTUlwTWlFaXdBay1mSjVObG4xSmMzbENvTTZmVmE1NjZPdmdKa3lVUkJ5bE5Gc2I4ZXZBTTFSVWxrV0JsNlRkbHd4dEJaSzFqdW5NSUIyQmctNGt1YUlPeUZtekxzRVdWYlR4cW1sTmhmLUx6MFZlajRpSEszM2FtalNGNVFnRGVhSlE4NVF4Q293aU96T1ZJYlNERW9OSlJhUmJJZGZ4R3haS3MzcFM2cklhNWF0a3pRUUE4eEk?oc=5\" target=\"_blank\" rel=\"nofollow noopener\">\u00ab \u00c7a devient l\u2019URSS ! \u00bb : cette note de l\u2019Insee sur le logement fait d\u00e9visser la droite et l\u2019extr\u00eame droite<\/a>&nbsp;&nbsp;Le HuffPost<\/li>\n<li><a href=\"https:\/\/news.google.com\/rss\/articles\/CBMiiwFBVV95cUxOUVBueUY3VFdOblBOUDBJZXhSMVZGa1ItOXEzR2d2S3I0QWhtcktLQXpYRVJaUEhaeGYxZFFDcnRWdFBTR2c0V3RibVpQQVI1ZTRsNmtGLS16OVVwLW52eDRFeG1UY2VWazN4M25wc19ySkR5d29rdUN6dG4xc1FES1RiWnFMMk9xN2xB?oc=5\" target=\"_blank\" rel=\"nofollow noopener\">Habiter l&rsquo;existant<\/a>&nbsp;&nbsp;Les Echos<\/li>\n<li><a href=\"https:\/\/news.google.com\/rss\/articles\/CBMiqgJBVV95cUxQM0N4VUxpYjRBZFkwTDlETFRhM19lYjlwcGFHMWFSWDB2SjQ5Z1RUbE9ndjBXbDNvcFNZNWp6MTB3dWtLV2UxRTdFQUJ6Y0NjdzFHTUNmdDBCWU9kV3VwQ0RDMTB3UVRzazY5Wktwd1MzcmsxbzI2NEgwNE9mOTR0am9KeEdrVGgtcldDQXJEQ0FlZm1Pc1g5M3NCOFFXU2NNWks1bWR0Qnh5VDVZSVIxS0h1LWVOdkFub19IUTE1RlBTUWNUTVVsT1RBdnlpMnFxV1ppTmNSbXdmX2VWa3RCc3UwT2pRZURqUnZESDRucWV5cExSM29MaXJoZGpiREgxOEkzR3dYNU9fN2JKLVpuV2JfV1lmQzZjMVdWMEpwMF9EclQ3aE9wYV9R?oc=5\" target=\"_blank\" rel=\"nofollow noopener\">Au moins 3 pi\u00e8ces de plus que le nombre n\u00e9cessaire: un quart des m\u00e9nages vivent dans un logement trop grand par rapport \u00e0 leurs besoins<\/a>&nbsp;&nbsp;BFMTV<\/li>\n<li><a href=\"https:\/\/news.google.com\/rss\/articles\/CBMi0AFBVV95cUxNd2VYM0stRzhTX2lfOS1YMmtGUFJWdUJoTVl0TGNteXhuZ3VPaF9mOFlha2N4Sk9IUjVsOFZDMlR1OWNLa082ckVFQTAzOUJZZ0N4OEpOc3hicTBjb3JMeVBCN1FXWWFBS3RFTWhXZTlzbFJJN19xY3JjUGkteWlkU1FRZmwxTlJBWVRnQ1BPMVp5aUlzYndUZmNwZlBraFlVRVRRZ3pDQzJodlhQUkFGQmQyb1l4RDMwZWlUclUyMVhGdk5jWnF6Z1NjcDJ3Z3Fm?oc=5\" target=\"_blank\" rel=\"nofollow noopener\">\u00c0 Marseille, 25 000 logements seraient sous-occup\u00e9s, 110 000 dans la M\u00e9tropole<\/a>&nbsp;&nbsp;La Provence<\/li>\n<\/ol>\n","protected":false},"excerpt":{"rendered":"David Lisnard : \u00abCher \u00c9tat Big Mother, pri\u00e8re de rester sur le pas de la porte\u00bb&nbsp;&nbsp;Le Figaro \u00ab&hellip;\n","protected":false},"author":2,"featured_media":240806,"comment_status":"","ping_status":"","sticky":false,"template":"","format":"standard","meta":{"footnotes":""},"categories":[2],"tags":[11,16309,1011,27,2066,38033,12],"class_list":{"0":"post-240805","1":"post","2":"type-post","3":"status-publish","4":"format-standard","5":"has-post-thumbnail","7":"category-actualites","8":"tag-actualites","9":"tag-etat","10":"tag-fr","11":"tag-france","12":"tag-insee","13":"tag-liberalisme","14":"tag-news"},"share_on_mastodon":{"url":"https:\/\/pubeurope.com\/@fr\/114830703519471839","error":""},"_links":{"self":[{"href":"https:\/\/www.europesays.com\/fr\/wp-json\/wp\/v2\/posts\/240805","targetHints":{"allow":["GET"]}}],"collection":[{"href":"https:\/\/www.europesays.com\/fr\/wp-json\/wp\/v2\/posts"}],"about":[{"href":"https:\/\/www.europesays.com\/fr\/wp-json\/wp\/v2\/types\/post"}],"author":[{"embeddable":true,"href":"https:\/\/www.europesays.com\/fr\/wp-json\/wp\/v2\/users\/2"}],"replies":[{"embeddable":true,"href":"https:\/\/www.europesays.com\/fr\/wp-json\/wp\/v2\/comments?post=240805"}],"version-history":[{"count":0,"href":"https:\/\/www.europesays.com\/fr\/wp-json\/wp\/v2\/posts\/240805\/revisions"}],"wp:featuredmedia":[{"embeddable":true,"href":"https:\/\/www.europesays.com\/fr\/wp-json\/wp\/v2\/media\/240806"}],"wp:attachment":[{"href":"https:\/\/www.europesays.com\/fr\/wp-json\/wp\/v2\/media?parent=240805"}],"wp:term":[{"taxonomy":"category","embeddable":true,"href":"https:\/\/www.europesays.com\/fr\/wp-json\/wp\/v2\/categories?post=240805"},{"taxonomy":"post_tag","embeddable":true,"href":"https:\/\/www.europesays.com\/fr\/wp-json\/wp\/v2\/tags?post=240805"}],"curies":[{"name":"wp","href":"https:\/\/api.w.org\/{rel}","templated":true}]}}