{"id":240807,"date":"2025-07-10T19:57:16","date_gmt":"2025-07-10T19:57:16","guid":{"rendered":"https:\/\/www.europesays.com\/fr\/240807\/"},"modified":"2025-07-10T19:57:16","modified_gmt":"2025-07-10T19:57:16","slug":"roche-la-moliere-burger-roche-a-trouve-ses-repreneurs","status":"publish","type":"post","link":"https:\/\/www.europesays.com\/fr\/240807\/","title":{"rendered":"Roche-la-Moli\u00e8re. Burger Roche a trouv\u00e9 ses repreneurs"},"content":{"rendered":"<p>Ang\u00e9lique Couturier et Anthony Rousset sont les nouveaux propri\u00e9taires du food truck Burger Roche. \u00ab\u00a0Notre envie c\u2019est de faire vivre et continuer la belle histoire de ce camion, avec des produits de qualit\u00e9, du go\u00fbt, et toujours le sourire\u00a0\u00bb. Jeudi dernier, pour leur premier jour, Julie Royer, l\u2019ancienne propri\u00e9taire \u00e9tait \u00e0 leurs c\u00f4t\u00e9s, histoire de les rassurer. \u00ab\u00a0Tout s\u2019est bien pass\u00e9, les clients sont fid\u00e8les et tr\u00e8s sympas\u00a0\u00bb, remarque Ang\u00e9lique, ravie de l\u2019accueil re\u00e7u.<\/p>\n<p>Des nouveaux burgers tous les quinze jours<\/p>\n<p>Julie a coach\u00e9 les repreneurs quelques jours pour les mettre dans le bain et leur apprendre le m\u00e9tier.<\/p>\n<p>Anthony, 34 ans, travaillait dans la logistique au sein d\u2019une entreprise agroalimentaire. Ang\u00e9lique, 32 ans, a fait un CAP restauration puis a travaill\u00e9 dans diff\u00e9rents groupes.<\/p>\n<p>\u00ab\u00a0On \u00e9tait sur une&#8230;<\/p>\n","protected":false},"excerpt":{"rendered":"Ang\u00e9lique Couturier et Anthony Rousset sont les nouveaux propri\u00e9taires du food truck Burger Roche. \u00ab\u00a0Notre envie c\u2019est de&hellip;\n","protected":false},"author":2,"featured_media":240808,"comment_status":"","ping_status":"","sticky":false,"template":"","format":"standard","meta":{"footnotes":""},"categories":[9653],"tags":[1111,11,2430,4406,33,7539,1777,674,1011,27,12,25,12490,12491,4001],"class_list":{"0":"post-240807","1":"post","2":"type-post","3":"status-publish","4":"format-standard","5":"has-post-thumbnail","7":"category-saint-etienne","8":"tag-actu","9":"tag-actualites","10":"tag-auvergne-rhone-alpes","11":"tag-commerce-et-services","12":"tag-economie","13":"tag-edition-loire-sud","14":"tag-eu","15":"tag-europe","16":"tag-fr","17":"tag-france","18":"tag-news","19":"tag-republique-francaise","20":"tag-roche-la-moliere","21":"tag-roche-la-moliere-bassin","22":"tag-saint-etienne"},"share_on_mastodon":{"url":"https:\/\/pubeurope.com\/@fr\/114830707449015108","error":""},"_links":{"self":[{"href":"https:\/\/www.europesays.com\/fr\/wp-json\/wp\/v2\/posts\/240807","targetHints":{"allow":["GET"]}}],"collection":[{"href":"https:\/\/www.europesays.com\/fr\/wp-json\/wp\/v2\/posts"}],"about":[{"href":"https:\/\/www.europesays.com\/fr\/wp-json\/wp\/v2\/types\/post"}],"author":[{"embeddable":true,"href":"https:\/\/www.europesays.com\/fr\/wp-json\/wp\/v2\/users\/2"}],"replies":[{"embeddable":true,"href":"https:\/\/www.europesays.com\/fr\/wp-json\/wp\/v2\/comments?post=240807"}],"version-history":[{"count":0,"href":"https:\/\/www.europesays.com\/fr\/wp-json\/wp\/v2\/posts\/240807\/revisions"}],"wp:featuredmedia":[{"embeddable":true,"href":"https:\/\/www.europesays.com\/fr\/wp-json\/wp\/v2\/media\/240808"}],"wp:attachment":[{"href":"https:\/\/www.europesays.com\/fr\/wp-json\/wp\/v2\/media?parent=240807"}],"wp:term":[{"taxonomy":"category","embeddable":true,"href":"https:\/\/www.europesays.com\/fr\/wp-json\/wp\/v2\/categories?post=240807"},{"taxonomy":"post_tag","embeddable":true,"href":"https:\/\/www.europesays.com\/fr\/wp-json\/wp\/v2\/tags?post=240807"}],"curies":[{"name":"wp","href":"https:\/\/api.w.org\/{rel}","templated":true}]}}