{"id":240811,"date":"2025-07-10T19:59:17","date_gmt":"2025-07-10T19:59:17","guid":{"rendered":"https:\/\/www.europesays.com\/fr\/240811\/"},"modified":"2025-07-10T19:59:17","modified_gmt":"2025-07-10T19:59:17","slug":"des-bretelles-fermees-pour-les-travaux-du-viaduc-de-frouard","status":"publish","type":"post","link":"https:\/\/www.europesays.com\/fr\/240811\/","title":{"rendered":"des bretelles ferm\u00e9es pour les travaux du viaduc de Frouard"},"content":{"rendered":"<p>Axe fr\u00e9quent\u00e9 \u00e0 hauteur 82\u00a0000 v\u00e9hicules par jour, le viaduc de l\u2019A31 Frouard est actuellement en cours de r\u00e9novation.<\/p>\n<p>La Direction interd\u00e9partementale des routes Est \u00e9labore actuellement des travaux en <a href=\"https:\/\/www.estrepublicain.fr\/transport\/2025\/03\/24\/a31-place-a-la-renovation-du-viaduc-de-frouard\" target=\"_blank\" rel=\"noopener\">trois phases \u00e9chelonn\u00e9es jusqu\u2019\u00e0 janvier\u00a02027<\/a> pour un montant total de 21\u00a0millions d\u2019euros investis par la R\u00e9gion Grand Est. D\u00e9marr\u00e9s le 24\u00a0mars dernier, ces travaux d\u2019envergure pour cet ouvrage de 370 de m le long entre dans sa deuxi\u00e8me phase.<\/p>\n<p>  La sortie Bouxi\u00e8res-aux-Dames ferm\u00e9e<\/p>\n<p>Apr\u00e8s des travaux de d\u00e9samiantage entre les \u00e9changeurs n\u00b022 de Frouard et n\u00b023 de Bouxi\u00e8res-aux-Dames termin\u00e9 en avril dernier, la deuxi\u00e8me phase de la r\u00e9novation porte cette fois sur la r\u00e9paration de la charpente m\u00e9tallique et la mise aux normes des barri\u00e8res de s\u00e9curit\u00e9.<\/p>\n<p>Cette phase d\u00e9marre ce lundi 21\u00a0juillet. La pose du balisage n\u00e9cessaire \u00e0 la fermeture de cette bretelle n\u00e9cessitera des deux voies de droite dans la nuit du 21 au 22\u00a0juillet dans le sens Nancy-Metz. De fait durant la nuit mentionn\u00e9e, l\u2019entr\u00e9e 22 et la sortie 23 seront ferm\u00e9es.<\/p>\n<p>\u00c0 partir de lundi 21h, la bretelle de sortie N\u00b023 de Bouxi\u00e8res-aux-Dames dans le sens Nancy-Metz sera donc ferm\u00e9e et ce jusqu\u2019au mardi 26\u00a0ao\u00fbt (6h). Les usagers seront donc invit\u00e9s \u00e0 poursuivre leur trajet jusqu\u2019au diffuseur N\u00b024 o\u00f9 ils feront demi-tour via la D\u00e9partementale 40 pour reprendre l\u2019A31 en direction de Nancy pour retrouver la sortie 23.<\/p>\n","protected":false},"excerpt":{"rendered":"Axe fr\u00e9quent\u00e9 \u00e0 hauteur 82\u00a0000 v\u00e9hicules par jour, le viaduc de l\u2019A31 Frouard est actuellement en cours de&hellip;\n","protected":false},"author":2,"featured_media":240812,"comment_status":"","ping_status":"","sticky":false,"template":"","format":"standard","meta":{"footnotes":""},"categories":[9635],"tags":[1111,11,9661,3542,1704,1777,674,1011,27,9660,775,3457,1702,12,25,104,2803],"class_list":{"0":"post-240811","1":"post","2":"type-post","3":"status-publish","4":"format-standard","5":"has-post-thumbnail","7":"category-nancy","8":"tag-actu","9":"tag-actualites","10":"tag-cc-du-bassin-de-pompey-54b1","11":"tag-circulation","12":"tag-edition-nancy-et-agglomeration","13":"tag-eu","14":"tag-europe","15":"tag-fr","16":"tag-france","17":"tag-frouard","18":"tag-grand-est","19":"tag-meurthe-et-moselle","20":"tag-nancy","21":"tag-news","22":"tag-republique-francaise","23":"tag-societe","24":"tag-transport"},"share_on_mastodon":{"url":"https:\/\/pubeurope.com\/@fr\/114830715385426354","error":""},"_links":{"self":[{"href":"https:\/\/www.europesays.com\/fr\/wp-json\/wp\/v2\/posts\/240811","targetHints":{"allow":["GET"]}}],"collection":[{"href":"https:\/\/www.europesays.com\/fr\/wp-json\/wp\/v2\/posts"}],"about":[{"href":"https:\/\/www.europesays.com\/fr\/wp-json\/wp\/v2\/types\/post"}],"author":[{"embeddable":true,"href":"https:\/\/www.europesays.com\/fr\/wp-json\/wp\/v2\/users\/2"}],"replies":[{"embeddable":true,"href":"https:\/\/www.europesays.com\/fr\/wp-json\/wp\/v2\/comments?post=240811"}],"version-history":[{"count":0,"href":"https:\/\/www.europesays.com\/fr\/wp-json\/wp\/v2\/posts\/240811\/revisions"}],"wp:featuredmedia":[{"embeddable":true,"href":"https:\/\/www.europesays.com\/fr\/wp-json\/wp\/v2\/media\/240812"}],"wp:attachment":[{"href":"https:\/\/www.europesays.com\/fr\/wp-json\/wp\/v2\/media?parent=240811"}],"wp:term":[{"taxonomy":"category","embeddable":true,"href":"https:\/\/www.europesays.com\/fr\/wp-json\/wp\/v2\/categories?post=240811"},{"taxonomy":"post_tag","embeddable":true,"href":"https:\/\/www.europesays.com\/fr\/wp-json\/wp\/v2\/tags?post=240811"}],"curies":[{"name":"wp","href":"https:\/\/api.w.org\/{rel}","templated":true}]}}