{"id":240831,"date":"2025-07-10T20:10:23","date_gmt":"2025-07-10T20:10:23","guid":{"rendered":"https:\/\/www.europesays.com\/fr\/240831\/"},"modified":"2025-07-10T20:10:23","modified_gmt":"2025-07-10T20:10:23","slug":"des-incendies-toutes-les-deux-heures-pourquoi-les-pompiers-dille-et-vilaine-craignent-les-semaines-a-venir","status":"publish","type":"post","link":"https:\/\/www.europesays.com\/fr\/240831\/","title":{"rendered":"Des incendies toutes les deux heures\u00a0: pourquoi les pompiers d\u2019Ille-et-Vilaine craignent les semaines \u00e0 venir"},"content":{"rendered":"<p>La saison estivale des feux de for\u00eat et de v\u00e9g\u00e9tation bat son plein. Loin d\u2019\u00eatre confront\u00e9e <a href=\"https:\/\/www.letelegramme.fr\/france\/direct-incendie-dans-le-sud-est-de-la-france-le-feu-a-atteint-marseille-6851775.php\" target=\"_blank\" rel=\"noopener\">aux vastes incendies<\/a> qui s\u00e9vissent depuis d\u00e9but juillet dans le sud du pays, l\u2019Ille-et-Vilaine conna\u00eet tout de m\u00eame un d\u00e9but d\u2019\u00e9t\u00e9 \u00ab intense \u00bb, estime le lieutenant-colonel J\u00e9r\u00f4me Guinard, sous-directeur des op\u00e9rations au service d\u00e9partemental d\u2019incendie et de secours (Sdis).<\/p>\n<p>Tous les ingr\u00e9dients sont r\u00e9unis pour favoriser les incendies : temp\u00e9ratures \u00e9lev\u00e9es, s\u00e9cheresse, vent (qui peut venir attiser un d\u00e9but de feu, le renforcer ou le faire changer de direction) et moissons dans les champs. \u00ab Avec les travaux agricoles, de la poussi\u00e8re peut prendre feu et des pierres peuvent faire des \u00e9tincelles en passant dans des machines \u00bb, explique le lieutenant-colonel.<\/p>\n<p>Deux fois plus d\u2019interventions que sur 2024<\/p>\n<p>Actuellement, les 650 sapeurs-pompiers professionnels du d\u00e9partement et leurs 3 200 homologues volontaires se mobilisent 10 \u00e0 15 fois par jour sur des feux. Soit, au total, 200 interventions depuis la mi-juin. \u00ab C\u2019est deux fois que l\u2019ensemble des interventions pour feux de for\u00eat et d\u2019espace naturel r\u00e9alis\u00e9es en 2024. Et c\u2019est autant que le nombre d\u2019interventions enregistr\u00e9es en 2023, entre la mi-juin et fin septembre \u00bb, indique le repr\u00e9sentant du Sdis 35. Pour lui, \u00ab nous sommes sur les bases de 2022 \u00bb, ann\u00e9e de s\u00e9cheresse marqu\u00e9e par des grands feux en Gironde et dans les Landes, mais aussi, en Bretagne, dans <a href=\"https:\/\/www.letelegramme.fr\/bretagne\/toutes-les-infos\/feux-de-lete-2022-les-monts-darree-tournent-la-page-6348141.php\" target=\"_blank\" rel=\"noopener\">les Monts d\u2019Arr\u00e9e<\/a> et <a href=\"https:\/\/www.letelegramme.fr\/ille-et-vilaine\/rennes-35000\/incendie-en-foret-de-broceliande-les-images-impressionnantes-des-degats-311416.php\" target=\"_blank\" rel=\"noopener\">la for\u00eat de Broc\u00e9liande<\/a>. Autant dire que les soldats du feu sont sur le qui-vive.<\/p>\n<p>Pour l\u2019instant, la majorit\u00e9 des feux d\u2019Ille-et-Vilaine se d\u00e9clare sur des petites surfaces de 2 000-3 000 m\u00b2. \u00ab Dans 80 % des cas, on parle de feux de moins de 1 hectare, \u00bb pr\u00e9cise le lieutenant-colonel Guinard. Parmi les zones les plus surveill\u00e9es (en raison de la v\u00e9g\u00e9tation et de l\u2019afflux de touristes et de promeneurs), on retrouve la for\u00eat de Broc\u00e9liande, la for\u00eat de Rennes et de la Corbi\u00e8re, ainsi que les landes de Cojoux, \u00e0 Saint-Just. \u00ab En cas de feu, notre strat\u00e9gie est d\u2019arriver tr\u00e8s rapidement sur les lieux et d\u2019engager beaucoup de moyens pour contenir le feu. \u00bb En cas de besoin, une partie du mat\u00e9riel roulant du Sdis 35 (34 camions-citernes et 22 v\u00e9hicules) peut \u00eatre \u00ab pr\u00e9positionn\u00e9 \u00bb sur des zones \u00e0 risque \u00e9lev\u00e9. Les pompiers bretilliens ne l\u2019ont pas encore fait cette ann\u00e9e, mais la donne pourrait changer.<\/p>\n<p>Danger relev\u00e9 de faible \u00e0 mod\u00e9r\u00e9<\/p>\n<p>Depuis ce jeudi 10 juillet, la \u00ab m\u00e9t\u00e9o des for\u00eats \u00bb de M\u00e9t\u00e9o France a relev\u00e9 le niveau de danger de feu de faible \u00e0 mod\u00e9r\u00e9 en Ille-et-Vilaine et dans le Morbihan. La cause : la vague de chaleur \u00e0 venir, accompagn\u00e9e de vent pendant les trois prochains jours.<\/p>\n<p>Dans ce contexte, sapeurs-pompiers et pouvoirs publics multiplient <a href=\"https:\/\/www.letelegramme.fr\/bretagne\/en-balade-en-voiture-ces-gestes-a-eviter-absolument-pour-ne-pas-declencher-dincendie-6852675.php\" target=\"_blank\" rel=\"noopener\">les actions de pr\u00e9vention<\/a> aupr\u00e8s du monde agricole et du grand public : ne pas jeter son m\u00e9got de cigarette dans la nature, ne pas faire de barbecue en for\u00eat, ne pas br\u00fbler ses d\u00e9chets verts dans son jardin\u2026 Des messages simples qui \u00ab doivent \u00eatre r\u00e9p\u00e9t\u00e9s car ils ne sont pas encore rentr\u00e9s dans toutes les t\u00eates \u00bb, selon le lieutenant-colonel Guinard. Simple erreur ou actes malveillants, neuf feux sur dix sont d\u2019origine humaine.<\/p>\n","protected":false},"excerpt":{"rendered":"La saison estivale des feux de for\u00eat et de v\u00e9g\u00e9tation bat son plein. Loin d\u2019\u00eatre confront\u00e9e aux vastes&hellip;\n","protected":false},"author":2,"featured_media":240832,"comment_status":"","ping_status":"","sticky":false,"template":"","format":"standard","meta":{"footnotes":""},"categories":[2821],"tags":[1111,11,829,436,1777,674,118,5183,1011,27,848,5383,12,584,25],"class_list":{"0":"post-240831","1":"post","2":"type-post","3":"status-publish","4":"format-standard","5":"has-post-thumbnail","7":"category-rennes","8":"tag-actu","9":"tag-actualites","10":"tag-bretagne","11":"tag-environnement","12":"tag-eu","13":"tag-europe","14":"tag-faits-divers","15":"tag-foret","16":"tag-fr","17":"tag-france","18":"tag-ille-et-vilaine","19":"tag-incendies","20":"tag-news","21":"tag-rennes","22":"tag-republique-francaise"},"share_on_mastodon":{"url":"https:\/\/pubeurope.com\/@fr\/114830758716975971","error":""},"_links":{"self":[{"href":"https:\/\/www.europesays.com\/fr\/wp-json\/wp\/v2\/posts\/240831","targetHints":{"allow":["GET"]}}],"collection":[{"href":"https:\/\/www.europesays.com\/fr\/wp-json\/wp\/v2\/posts"}],"about":[{"href":"https:\/\/www.europesays.com\/fr\/wp-json\/wp\/v2\/types\/post"}],"author":[{"embeddable":true,"href":"https:\/\/www.europesays.com\/fr\/wp-json\/wp\/v2\/users\/2"}],"replies":[{"embeddable":true,"href":"https:\/\/www.europesays.com\/fr\/wp-json\/wp\/v2\/comments?post=240831"}],"version-history":[{"count":0,"href":"https:\/\/www.europesays.com\/fr\/wp-json\/wp\/v2\/posts\/240831\/revisions"}],"wp:featuredmedia":[{"embeddable":true,"href":"https:\/\/www.europesays.com\/fr\/wp-json\/wp\/v2\/media\/240832"}],"wp:attachment":[{"href":"https:\/\/www.europesays.com\/fr\/wp-json\/wp\/v2\/media?parent=240831"}],"wp:term":[{"taxonomy":"category","embeddable":true,"href":"https:\/\/www.europesays.com\/fr\/wp-json\/wp\/v2\/categories?post=240831"},{"taxonomy":"post_tag","embeddable":true,"href":"https:\/\/www.europesays.com\/fr\/wp-json\/wp\/v2\/tags?post=240831"}],"curies":[{"name":"wp","href":"https:\/\/api.w.org\/{rel}","templated":true}]}}