{"id":240843,"date":"2025-07-10T20:16:29","date_gmt":"2025-07-10T20:16:29","guid":{"rendered":"https:\/\/www.europesays.com\/fr\/240843\/"},"modified":"2025-07-10T20:16:29","modified_gmt":"2025-07-10T20:16:29","slug":"des-jures-pour-evaluer-le-patrimoine-vert-nantais","status":"publish","type":"post","link":"https:\/\/www.europesays.com\/fr\/240843\/","title":{"rendered":"Des jur\u00e9s pour \u00e9valuer le patrimoine vert nantais"},"content":{"rendered":"<p>La Ville et les employ\u00e9s du service Nature et jardins de la ville de Nantes n\u2019ont pas m\u00e9nag\u00e9 leurs efforts, ces derni\u00e8res semaines. <a href=\"https:\/\/nantes.maville.com\/actu\/actudet_-pourquoi-nantes-peut-remporter-l-eurovision-des-jardins-le-9-juillet-_8-6868554_actu.Htm\" target=\"_self\" rel=\"noopener\">Ce mercredi 9\u00a0juillet, ils accueillaient le jury de l\u2019Entente florale europ\u00e9enne, un concours international horticole, sorte d\u2019Eurovision des jardins.<\/a> Cinq jur\u00e9s ont parcouru la ville, l\u2019ont regard\u00e9e, sentie, auscult\u00e9e, afin d\u2019\u00e9valuer le patrimoine v\u00e9g\u00e9tal de la ville. Les jur\u00e9s n\u2019ont \u00e9videmment rien laiss\u00e9 au hasard. Ils ont commenc\u00e9 par le Jardin des plantes, avant de d\u00e9couvrir la place Gloriette, en pleine m\u00e9tamorphose, puis de d\u00e9couvrir un des autres joyaux verts de la ville, le jardin extraordinaire. Ils doivent rendre leur d\u00e9cision ce jeudi. On saura alors si la ville de Nantes remporte \u00ab\u00a0l\u2019Eurovision\u00a0\u00bb des jardins.<\/p>\n<p>\u00a0<\/p>\n","protected":false},"excerpt":{"rendered":"La Ville et les employ\u00e9s du service Nature et jardins de la ville de Nantes n\u2019ont pas m\u00e9nag\u00e9&hellip;\n","protected":false},"author":2,"featured_media":240844,"comment_status":"","ping_status":"","sticky":false,"template":"","format":"standard","meta":{"footnotes":""},"categories":[2818],"tags":[1111,11,1777,674,38035,1011,27,38034,4715,766,12,2551,2636,25,30917],"class_list":{"0":"post-240843","1":"post","2":"type-post","3":"status-publish","4":"format-standard","5":"has-post-thumbnail","7":"category-nantes","8":"tag-actu","9":"tag-actualites","10":"tag-eu","11":"tag-europe","12":"tag-evaluer","13":"tag-fr","14":"tag-france","15":"tag-jures","16":"tag-nantais","17":"tag-nantes","18":"tag-news","19":"tag-patrimoine","20":"tag-pays-de-la-loire","21":"tag-republique-francaise","22":"tag-vert"},"share_on_mastodon":{"url":"https:\/\/pubeurope.com\/@fr\/114830782199422693","error":""},"_links":{"self":[{"href":"https:\/\/www.europesays.com\/fr\/wp-json\/wp\/v2\/posts\/240843","targetHints":{"allow":["GET"]}}],"collection":[{"href":"https:\/\/www.europesays.com\/fr\/wp-json\/wp\/v2\/posts"}],"about":[{"href":"https:\/\/www.europesays.com\/fr\/wp-json\/wp\/v2\/types\/post"}],"author":[{"embeddable":true,"href":"https:\/\/www.europesays.com\/fr\/wp-json\/wp\/v2\/users\/2"}],"replies":[{"embeddable":true,"href":"https:\/\/www.europesays.com\/fr\/wp-json\/wp\/v2\/comments?post=240843"}],"version-history":[{"count":0,"href":"https:\/\/www.europesays.com\/fr\/wp-json\/wp\/v2\/posts\/240843\/revisions"}],"wp:featuredmedia":[{"embeddable":true,"href":"https:\/\/www.europesays.com\/fr\/wp-json\/wp\/v2\/media\/240844"}],"wp:attachment":[{"href":"https:\/\/www.europesays.com\/fr\/wp-json\/wp\/v2\/media?parent=240843"}],"wp:term":[{"taxonomy":"category","embeddable":true,"href":"https:\/\/www.europesays.com\/fr\/wp-json\/wp\/v2\/categories?post=240843"},{"taxonomy":"post_tag","embeddable":true,"href":"https:\/\/www.europesays.com\/fr\/wp-json\/wp\/v2\/tags?post=240843"}],"curies":[{"name":"wp","href":"https:\/\/api.w.org\/{rel}","templated":true}]}}