{"id":240849,"date":"2025-07-10T20:19:16","date_gmt":"2025-07-10T20:19:16","guid":{"rendered":"https:\/\/www.europesays.com\/fr\/240849\/"},"modified":"2025-07-10T20:19:16","modified_gmt":"2025-07-10T20:19:16","slug":"girondins-complique-de-compter-sur-les-transferts-de-joueurs-en-n1-pour-financer-le-club","status":"publish","type":"post","link":"https:\/\/www.europesays.com\/fr\/240849\/","title":{"rendered":"Girondins : \u00ab\u00a0Compliqu\u00e9 de compter sur les transferts de joueurs en N1 pour financer le club\u00a0\u00bb"},"content":{"rendered":"<p><img decoding=\"async\" src=\"https:\/\/www.europesays.com\/fr\/wp-content\/uploads\/2025\/06\/671_b464c8591aaf6dd1b069c1ac4c36001d.png\" alt=\"Girondins : &quot;Compliqu\u00e9 de compter sur les transferts de joueurs en N1 pour financer le club&quot;\" class=\"img-responsive mt-3\"\/><\/p>\n<p class=\"text-center mb-3\" style=\"font-size: 14px\">\u00a9 Iconsport<\/p>\n<p style=\"text-align: justify;\">\u00c9coutez ses propos ou lisez-les :<\/p>\n<p><strong>\u00ab\u00a0Le vrai souci c&rsquo;est les indemnit\u00e9s de transferts\u00a0\u00bb<\/strong><\/p>\n<p style=\"text-align: justify;\">David Gluzman dans le\u00a0<a href=\"https:\/\/www.youtube.com\/watch?v=3pBv1XulKgo&amp;t=6248s\" target=\"_blank\" rel=\"noopener\">Talk sur WebGirondins<\/a> : \u00ab\u00a0Le vrai souci c&rsquo;est les indemnit\u00e9s de transferts. Le record de transfert d&rsquo;un joueur qui sort de National 1 c&rsquo;est Cyriaque Iri\u00e9 qui sort de Dijon pour rejoindre Troyes pour 3,5M\u20ac (Joachim Kayi Sanda a \u00e9t\u00e9 transf\u00e9r\u00e9 de VAFC (N1) vers Southampton pour 5M\u20ac en 2024\/2025, m\u00eame propri\u00e9taire dans les deux clubs, NDLR).<\/p>\n<p>Sinon, les indemnit\u00e9s s de transferts en National 1 c&rsquo;est quelques centaines de milliers d&rsquo;euros. Donc, dans un budget qui va naviguer autour de la dizaine de millions d&rsquo;euros, avec un chiffre d&rsquo;affaires qui sera au maximum \u00e0 3M\u20ac, \u00e7a te donne le montant que G\u00e9rard Lopez va devoir remettre tous les ans (environ 7M\u20ac). Donc, le plan de continuation c&rsquo;est G\u00e9rard Lopez.\u00a0\u00bb<\/p>\n<p>\u00c0 lire &gt;&gt; <strong><a href=\"https:\/\/www.webgirondins.com\/actualite-girondins-girondins-matthieu-villette-ecourte-sa-seance-d-entrainement-video-129680\" target=\"_blank\" rel=\"noopener\">Matthieu Villette \u00e9courte sa s\u00e9ance d&rsquo;entra\u00eenement [Vid\u00e9o]<\/a><\/strong><\/p>\n<p>Notre podcast court :<\/p>\n<p>N.P<\/p>\n","protected":false},"excerpt":{"rendered":"\u00a9 Iconsport \u00c9coutez ses propos ou lisez-les : \u00ab\u00a0Le vrai souci c&rsquo;est les indemnit\u00e9s de transferts\u00a0\u00bb David Gluzman&hellip;\n","protected":false},"author":2,"featured_media":153213,"comment_status":"","ping_status":"","sticky":false,"template":"","format":"standard","meta":{"footnotes":""},"categories":[2817],"tags":[1111,11,3694,38036,1997,35,5244,10799,33563,21464,8842,1777,674,38039,23027,63,1011,27,3606,8294,1987,26167,4933,4059,8295,17812,12,2219,5355,471,12348,38037,38038,25,9937,10662],"class_list":{"0":"post-240849","1":"post","2":"type-post","3":"status-publish","4":"format-standard","5":"has-post-thumbnail","7":"category-bordeaux","8":"tag-actu","9":"tag-actualites","10":"tag-affaires","11":"tag-after","12":"tag-bordeaux","13":"tag-business","14":"tag-club","15":"tag-complique","16":"tag-compter","17":"tag-continuation","18":"tag-david","19":"tag-eu","20":"tag-europe","21":"tag-exclusivement","22":"tag-financer","23":"tag-football","24":"tag-fr","25":"tag-france","26":"tag-generation","27":"tag-gerard","28":"tag-girondins","29":"tag-gluzman","30":"tag-homme","31":"tag-joueurs","32":"tag-lopez","33":"tag-membre","34":"tag-news","35":"tag-nouvelle-aquitaine","36":"tag-plan","37":"tag-pour","38":"tag-quels","39":"tag-rappele","40":"tag-repose","41":"tag-republique-francaise","42":"tag-specialiste","43":"tag-transferts"},"share_on_mastodon":{"url":"https:\/\/pubeurope.com\/@fr\/114830794119117936","error":""},"_links":{"self":[{"href":"https:\/\/www.europesays.com\/fr\/wp-json\/wp\/v2\/posts\/240849","targetHints":{"allow":["GET"]}}],"collection":[{"href":"https:\/\/www.europesays.com\/fr\/wp-json\/wp\/v2\/posts"}],"about":[{"href":"https:\/\/www.europesays.com\/fr\/wp-json\/wp\/v2\/types\/post"}],"author":[{"embeddable":true,"href":"https:\/\/www.europesays.com\/fr\/wp-json\/wp\/v2\/users\/2"}],"replies":[{"embeddable":true,"href":"https:\/\/www.europesays.com\/fr\/wp-json\/wp\/v2\/comments?post=240849"}],"version-history":[{"count":0,"href":"https:\/\/www.europesays.com\/fr\/wp-json\/wp\/v2\/posts\/240849\/revisions"}],"wp:featuredmedia":[{"embeddable":true,"href":"https:\/\/www.europesays.com\/fr\/wp-json\/wp\/v2\/media\/153213"}],"wp:attachment":[{"href":"https:\/\/www.europesays.com\/fr\/wp-json\/wp\/v2\/media?parent=240849"}],"wp:term":[{"taxonomy":"category","embeddable":true,"href":"https:\/\/www.europesays.com\/fr\/wp-json\/wp\/v2\/categories?post=240849"},{"taxonomy":"post_tag","embeddable":true,"href":"https:\/\/www.europesays.com\/fr\/wp-json\/wp\/v2\/tags?post=240849"}],"curies":[{"name":"wp","href":"https:\/\/api.w.org\/{rel}","templated":true}]}}