{"id":240852,"date":"2025-07-10T20:21:09","date_gmt":"2025-07-10T20:21:09","guid":{"rendered":"https:\/\/www.europesays.com\/fr\/240852\/"},"modified":"2025-07-10T20:21:09","modified_gmt":"2025-07-10T20:21:09","slug":"un-feu-ravage-six-hectares-de-vegetation-au-bord-de-lautoroute-a64-a-toulouse-les-pompiers-sont-sur-place","status":"publish","type":"post","link":"https:\/\/www.europesays.com\/fr\/240852\/","title":{"rendered":"Un feu ravage six hectares de v\u00e9g\u00e9tation au bord de l&rsquo;autoroute A64 \u00e0 Toulouse, les pompiers sont sur place"},"content":{"rendered":"<p>            Par<br \/>\n        <strong><br \/>\n            <a href=\"https:\/\/actu.fr\/auteur\/anaelle-montagne\" title=\"Consulter tous les articles de Anaelle Montagne\" rel=\"nofollow noopener\" target=\"_blank\">Anaelle Montagne<\/a><br \/>\n        <\/strong><\/p>\n<p>        Publi\u00e9 le<\/p>\n<p>            10 juil. 2025 \u00e0 20h21        <\/p>\n<p>Les images sont saisissantes. Au bord de <a href=\"https:\/\/actu.fr\/tag\/autoroute-64-a64\" rel=\"nofollow noopener\" target=\"_blank\">l\u2019A64 \u00e0 Toulouse<\/a>, <strong>les flammes mena\u00e7antes d\u00e9vorent la v\u00e9g\u00e9tation<\/strong> ce jeudi 10\u00a0juillet. L\u2019incendie a d\u00e9marr\u00e9 au lac de Gironis vers 18h55 et s\u2019est propag\u00e9 jusqu\u2019\u00e0 arriver \u00e0 p<strong>roximit\u00e9 imm\u00e9diate de l\u2019autoroute<\/strong>, tr\u00e8s emprunt\u00e9e \u00e0 cette heure de la journ\u00e9e.<\/p>\n<p>    <a href=\"https:\/\/www.google.com\/maps\/embed?pb=!1m18!1m12!1m3!1d9723.937059790198!2d1.411893320597177!3d43.56605446646774!2m3!1f0!2f0!3f0!3m2!1i1024!2i768!4f13.1!3m3!1m2!1s0x12aebbc518c948ef%3A0xfee72e8bcc1d8fb7!2sLac%20de%20Gironis!5e0!3m2!1sen!2sfr!4v1752171230293!5m2!1sen!2sfr\" title=\"Ouvrie le lien\" rel=\"nofollow noopener\" target=\"_blank\">Cliquez ici pour visualiser le contenu<\/a><\/p>\n<p class=\" wall-content\">Pour contenir le sinistre, quatre engins de lutte contre les feux de v\u00e9g\u00e9tation et un v\u00e9hicule de commandement sont sur les lieux.<\/p>\n<p>Plusieurs hectares d\u00e9truits<\/p>\n<p class=\" wall-content\">Au total, \u00e0 20\u00a0heures, soit une heure apr\u00e8s le d\u00e9but de l\u2019incendie, le feu a <strong>d\u00e9j\u00e0 ravag\u00e9 six hectares<\/strong>.<\/p>\n<p class=\" wall-content\">Les pompiers conseillent aux automobilistes de<strong> redoubler de prudence<\/strong> envers les personnels intervenants au niveau de la bande d\u2019arr\u00eat d\u2019urgence.<\/p>\n<p class=\" wall-content\">Suivez toute l\u2019actualit\u00e9 de vos villes et m\u00e9dias favoris en vous inscrivant \u00e0 <a href=\"https:\/\/moncompte.actu.fr\" title=\"D\u00e9couvez Mon Actu\" rel=\"nofollow noopener\" data-trk=\"{&quot;cta&quot;:{&quot;action&quot;:&quot;https:\\\/\\\/moncompte.actu.fr&quot;,&quot;category&quot;:&quot;mon compte&quot;,&quot;from&quot;:&quot;article footer&quot;,&quot;name&quot;:&quot;Mon actu&quot;,&quot;type&quot;:&quot;cta&quot;}}\" target=\"_blank\">Mon Actu<\/a>.<\/p>\n","protected":false},"excerpt":{"rendered":"Par Anaelle Montagne Publi\u00e9 le 10 juil. 2025 \u00e0 20h21 Les images sont saisissantes. Au bord de l\u2019A64&hellip;\n","protected":false},"author":2,"featured_media":240853,"comment_status":"","ping_status":"","sticky":false,"template":"","format":"standard","meta":{"footnotes":""},"categories":[2816],"tags":[1111,11,1777,674,118,1011,27,1310,12,2680,25,2312],"class_list":{"0":"post-240852","1":"post","2":"type-post","3":"status-publish","4":"format-standard","5":"has-post-thumbnail","7":"category-toulouse","8":"tag-actu","9":"tag-actualites","10":"tag-eu","11":"tag-europe","12":"tag-faits-divers","13":"tag-fr","14":"tag-france","15":"tag-incendie","16":"tag-news","17":"tag-occitanie","18":"tag-republique-francaise","19":"tag-toulouse"},"share_on_mastodon":{"url":"https:\/\/pubeurope.com\/@fr\/114830801788333302","error":""},"_links":{"self":[{"href":"https:\/\/www.europesays.com\/fr\/wp-json\/wp\/v2\/posts\/240852","targetHints":{"allow":["GET"]}}],"collection":[{"href":"https:\/\/www.europesays.com\/fr\/wp-json\/wp\/v2\/posts"}],"about":[{"href":"https:\/\/www.europesays.com\/fr\/wp-json\/wp\/v2\/types\/post"}],"author":[{"embeddable":true,"href":"https:\/\/www.europesays.com\/fr\/wp-json\/wp\/v2\/users\/2"}],"replies":[{"embeddable":true,"href":"https:\/\/www.europesays.com\/fr\/wp-json\/wp\/v2\/comments?post=240852"}],"version-history":[{"count":0,"href":"https:\/\/www.europesays.com\/fr\/wp-json\/wp\/v2\/posts\/240852\/revisions"}],"wp:featuredmedia":[{"embeddable":true,"href":"https:\/\/www.europesays.com\/fr\/wp-json\/wp\/v2\/media\/240853"}],"wp:attachment":[{"href":"https:\/\/www.europesays.com\/fr\/wp-json\/wp\/v2\/media?parent=240852"}],"wp:term":[{"taxonomy":"category","embeddable":true,"href":"https:\/\/www.europesays.com\/fr\/wp-json\/wp\/v2\/categories?post=240852"},{"taxonomy":"post_tag","embeddable":true,"href":"https:\/\/www.europesays.com\/fr\/wp-json\/wp\/v2\/tags?post=240852"}],"curies":[{"name":"wp","href":"https:\/\/api.w.org\/{rel}","templated":true}]}}