{"id":240854,"date":"2025-07-10T20:23:12","date_gmt":"2025-07-10T20:23:12","guid":{"rendered":"https:\/\/www.europesays.com\/fr\/240854\/"},"modified":"2025-07-10T20:23:12","modified_gmt":"2025-07-10T20:23:12","slug":"bals-pop-concerts-labyrinthes-festival-que-faire-ce-week-end-du-14-juillet-a-proximite-de-lille","status":"publish","type":"post","link":"https:\/\/www.europesays.com\/fr\/240854\/","title":{"rendered":"Bals pop, concerts, labyrinthes, festival\u2026 Que faire ce week-end du 14-Juillet \u00e0 proximit\u00e9 de Lille\u00a0?"},"content":{"rendered":"<p>\n                        Un week-end prolong\u00e9, avec le 14\u00a0juillet, arrive, en cette p\u00e9riode de vacances estivales. Quelques id\u00e9es de sorties pour en profiter du c\u00f4t\u00e9 de Lille (Nord).                    <\/p>\n<p>\n                            Cet article est r\u00e9serv\u00e9 aux abonn\u00e9s\n                        <\/p>\n<p>    <img loading=\"lazy\"   decoding=\"async\" class=\"size-large\" src=\"https:\/\/www.europesays.com\/fr\/wp-content\/uploads\/2025\/07\/63aaab249e68637aaab249e68faaaav-960x640.jpg\" alt=\"Nuits Secr\u00e8tes, concerts du 14-Juillet, labyrinthes dans des champs de ma\u00efs... Voici quelques id\u00e9es de sorties pour le week-end des 12 et 13 juillet, du c\u00f4t\u00e9 de Lille (Nord).\" width=\"960\" height=\"640\"\/><br \/>\n    Nuits Secr\u00e8tes, concerts du 14-Juillet, labyrinthes dans des champs de ma\u00efs\u2026 Voici quelques id\u00e9es de sorties pour le week-end des 12 et 13\u00a0juillet, du c\u00f4t\u00e9 de Lille (Nord). \u00a9Actu.fr                <\/p>\n","protected":false},"excerpt":{"rendered":"Un week-end prolong\u00e9, avec le 14\u00a0juillet, arrive, en cette p\u00e9riode de vacances estivales. Quelques id\u00e9es de sorties pour&hellip;\n","protected":false},"author":2,"featured_media":240855,"comment_status":"","ping_status":"","sticky":false,"template":"","format":"standard","meta":{"footnotes":""},"categories":[2815],"tags":[1111,11,677,1777,674,652,1011,27,811,1307,1652,12,25],"class_list":{"0":"post-240854","1":"post","2":"type-post","3":"status-publish","4":"format-standard","5":"has-post-thumbnail","7":"category-lille","8":"tag-actu","9":"tag-actualites","10":"tag-bons-plans","11":"tag-eu","12":"tag-europe","13":"tag-famille","14":"tag-fr","15":"tag-france","16":"tag-hauts-de-france","17":"tag-lille","18":"tag-loisirs-culture","19":"tag-news","20":"tag-republique-francaise"},"share_on_mastodon":{"url":"https:\/\/pubeurope.com\/@fr\/114830809773361681","error":""},"_links":{"self":[{"href":"https:\/\/www.europesays.com\/fr\/wp-json\/wp\/v2\/posts\/240854","targetHints":{"allow":["GET"]}}],"collection":[{"href":"https:\/\/www.europesays.com\/fr\/wp-json\/wp\/v2\/posts"}],"about":[{"href":"https:\/\/www.europesays.com\/fr\/wp-json\/wp\/v2\/types\/post"}],"author":[{"embeddable":true,"href":"https:\/\/www.europesays.com\/fr\/wp-json\/wp\/v2\/users\/2"}],"replies":[{"embeddable":true,"href":"https:\/\/www.europesays.com\/fr\/wp-json\/wp\/v2\/comments?post=240854"}],"version-history":[{"count":0,"href":"https:\/\/www.europesays.com\/fr\/wp-json\/wp\/v2\/posts\/240854\/revisions"}],"wp:featuredmedia":[{"embeddable":true,"href":"https:\/\/www.europesays.com\/fr\/wp-json\/wp\/v2\/media\/240855"}],"wp:attachment":[{"href":"https:\/\/www.europesays.com\/fr\/wp-json\/wp\/v2\/media?parent=240854"}],"wp:term":[{"taxonomy":"category","embeddable":true,"href":"https:\/\/www.europesays.com\/fr\/wp-json\/wp\/v2\/categories?post=240854"},{"taxonomy":"post_tag","embeddable":true,"href":"https:\/\/www.europesays.com\/fr\/wp-json\/wp\/v2\/tags?post=240854"}],"curies":[{"name":"wp","href":"https:\/\/api.w.org\/{rel}","templated":true}]}}