{"id":240858,"date":"2025-07-10T20:25:10","date_gmt":"2025-07-10T20:25:10","guid":{"rendered":"https:\/\/www.europesays.com\/fr\/240858\/"},"modified":"2025-07-10T20:25:10","modified_gmt":"2025-07-10T20:25:10","slug":"la-voiture-a-lorigine-de-lembrasement-netait-pas-a-jour-de-son-controle-technique","status":"publish","type":"post","link":"https:\/\/www.europesays.com\/fr\/240858\/","title":{"rendered":"La voiture \u00e0 l\u2019origine de l\u2019embrasement n\u2019\u00e9tait pas \u00e0 jour de son contr\u00f4le technique"},"content":{"rendered":"<p><strong>lourde responsabilit\u00e9 &#8211; La Peugeot 107 \u00e0 l\u2019origine du d\u00e9part de l\u2019incendie entre les Pennes-Mirabeau et Marseille n\u2019aurait pas d\u00fb rouler ce jour-l\u00e0, faute de contr\u00f4le technique \u00e0 jour<\/strong><\/p>\n<p>Une simple et courante erreur qui pourrait co\u00fbter cher \u00e0 la propri\u00e9taire de cette 107 Peugeot. L\u2019<a href=\"https:\/\/www.20minutes.fr\/dossier\/incendie?at_medium=RSS%20feed&amp;at_campaign=ynews&amp;utm_source=yahoo&amp;utm_medium=rss&amp;utm_campaign=news_feed&amp;utm_content=in_article_link\" rel=\"nofollow noopener\" target=\"_blank\" data-ylk=\"slk:incendie;elm:context_link;itc:0;sec:content-canvas\" class=\"link \">incendie<\/a> destructeur qui s\u2019est d\u00e9clar\u00e9 entre Pennes-Mirabeau et <a href=\"https:\/\/www.20minutes.fr\/marseille\/?at_medium=RSS%20feed&amp;at_campaign=ynews&amp;utm_source=yahoo&amp;utm_medium=rss&amp;utm_campaign=news_feed&amp;utm_content=in_article_link\" rel=\"nofollow noopener\" target=\"_blank\" data-ylk=\"slk:Marseille;elm:context_link;itc:0;sec:content-canvas\" class=\"link \">Marseille<\/a> mercredi matin est d\u2019origine accidentelle, selon l\u2019enqu\u00eate confi\u00e9e \u00e0 la CRS autorouti\u00e8re Provence par le parquet d\u2019<a href=\"https:\/\/www.20minutes.fr\/dossier\/aix-provence?at_medium=RSS%20feed&amp;at_campaign=ynews&amp;utm_source=yahoo&amp;utm_medium=rss&amp;utm_campaign=news_feed&amp;utm_content=in_article_link\" rel=\"nofollow noopener\" target=\"_blank\" data-ylk=\"slk:Aix-en-Provence;elm:context_link;itc:0;sec:content-canvas\" class=\"link \">Aix-en-Provence<\/a>.<\/p>\n<p>Des images ont permis d\u2019\u00e9tablir que tout est parti d\u2019un v\u00e9hicule qui a pris feu sur l&rsquo;A55, pr\u00e9cise <a href=\"https:\/\/www.laprovence.com\/article\/faits-divers-justice\/1177891111563614\/incendie-a-marseille-la-voiture-a-lorigine-du-feu-navait-pas-de-controle-technique-a-jour?at_medium=RSS%20feed&amp;at_campaign=ynews&amp;utm_source=yahoo&amp;utm_medium=rss&amp;utm_campaign=news_feed&amp;utm_content=in_article_link\" rel=\"nofollow noopener\" target=\"_blank\" data-ylk=\"slk:La Provence;elm:context_link;itc:0;sec:content-canvas\" class=\"link \">La Provence<\/a>.<\/p>\n<blockquote placeholder=\"\" data-theme=\"light\" class=\"twitter-tweet\">\n<p>La voiture qui a d\u00e9clench\u00e9 le feu entre Les Pennes-Mirabeau et Marseille film\u00e9e par un automobiliste sur la bande d&rsquo;arr\u00eat d&rsquo;urgence de l&rsquo;A55 alors qu&rsquo;elle s&#8217;embrasait. Il s&rsquo;agit d&rsquo;une Peugeot 107 <a href=\"https:\/\/t.co\/vafi2HFVxC\" rel=\"nofollow noopener\" target=\"_blank\" data-ylk=\"slk:pic.twitter.com\/vafi2HFVxC;elm:context_link;itc:0;sec:content-canvas\" class=\"link \">pic.twitter.com\/vafi2HFVxC<\/a><\/p>\n<p>\u2014 Guilhem RICAVY (@guilhemricavy) <a href=\"https:\/\/twitter.com\/guilhemricavy\/status\/1943362372422242671?ref_src=twsrc%5Etfw\" rel=\"nofollow noopener\" target=\"_blank\" data-ylk=\"slk:July 10, 2025;elm:context_link;itc:0;sec:content-canvas\" class=\"link \">July 10, 2025<\/a><\/p>\n<\/blockquote>\n<p>Selon les informations du journal local, cette voiture aurait d\u00fb rester au garage puisque son contr\u00f4le technique n\u2019\u00e9tait pas \u00e0 jour. La propri\u00e9taire, 20 ans, r\u00e9sidant dans le 15e arrondissement de Marseille, doit s\u2019en mordre les doigts.<\/p>\n<p>Un v\u00e9hicule en feu<\/p>\n<p>Le conducteur, qui n\u2019est pas le propri\u00e9taire de la voiture, s\u2019est arr\u00eat\u00e9 sur la bande d\u2019arr\u00eat d\u2019urgence quand une fum\u00e9e blanche a commenc\u00e9 \u00e0 se d\u00e9gager du capot.<\/p>\n<p><a href=\"https:\/\/www.20minutes.fr\/marseille\/\" rel=\"nofollow noopener\" target=\"_blank\" data-ylk=\"slk:Nos derniers articles sur Marseille;elm:context_link;itc:0;sec:content-canvas\" class=\"link \">Nos derniers articles sur Marseille<\/a><\/p>\n<p>Lorsqu\u2019il l\u2019a ouvert, des flammes en sont sorties et ont rapidement gagn\u00e9 le rester du v\u00e9hicule, stationn\u00e9 \u00e0 c\u00f4t\u00e9 du \u00ab seul pin \u00e0 la ronde sur cette portion d\u2019autoroute \u00bb, souligne La Provence. Le vent et la nature ont fait le reste.<\/p>\n<p><a href=\"https:\/\/www.20minutes.fr\/societe\/4163142-20250710-incendie-marseille-defaut-controle-technique-origine-feu-destructeur?at_medium=RSS%20feed&amp;at_campaign=ynews&amp;utm_source=yahoo&amp;utm_medium=rss&amp;utm_campaign=news_feed&amp;utm_content=read_more_link\" rel=\"nofollow noopener\" target=\"_blank\" data-ylk=\"slk:Lire la suite sur 20minutes;elm:context_link;itc:0;sec:content-canvas\" class=\"link \">Lire la suite sur 20minutes<\/a><\/p>\n<p>\u00c0 lire aussi :<br \/><a href=\"https:\/\/www.20minutes.fr\/societe\/4163079-20250710-incendie-marseille-solidarite-negligeable-sinistres-deposent-doleances?at_medium=RSS%20feed&amp;at_campaign=ynews&amp;utm_source=yahoo&amp;utm_medium=rss&amp;utm_campaign=news_feed&amp;utm_content=related_content_link\" rel=\"nofollow noopener\" target=\"_blank\" data-ylk=\"slk:Incendie \u00e0 Marseille : \u00ab C\u2019est une solidarit\u00e9 qui n\u2019est pas n\u00e9gligeable \u00bb\u2026 Les sinistr\u00e9s d\u00e9posent leurs dol\u00e9ances;elm:context_link;itc:0;sec:content-canvas\" class=\"link \">Incendie \u00e0 Marseille : \u00ab C\u2019est une solidarit\u00e9 qui n\u2019est pas n\u00e9gligeable \u00bb\u2026 Les sinistr\u00e9s d\u00e9posent leurs dol\u00e9ances<\/a><br \/><a href=\"https:\/\/www.20minutes.fr\/societe\/4162840-20250709-incendie-marseille-reste-mur-maison-habitants-estaque-constatent-degats?at_medium=RSS%20feed&amp;at_campaign=ynews&amp;utm_source=yahoo&amp;utm_medium=rss&amp;utm_campaign=news_feed&amp;utm_content=related_content_link\" rel=\"nofollow noopener\" target=\"_blank\" data-ylk=\"slk:Incendie \u00e0 Marseille : \u00ab Il ne reste qu\u2019un mur de ma maison \u00bb\u2026 Les habitants de l\u2019Estaque constatent les d\u00e9g\u00e2ts;elm:context_link;itc:0;sec:content-canvas\" class=\"link \">Incendie \u00e0 Marseille : \u00ab Il ne reste qu\u2019un mur de ma maison \u00bb\u2026 Les habitants de l\u2019Estaque constatent les d\u00e9g\u00e2ts<\/a><\/p>\n<p><script async src=\"https:\/\/platform.twitter.com\/widgets.js\" charset=\"utf-8\"><\/script><\/p>\n","protected":false},"excerpt":{"rendered":"lourde responsabilit\u00e9 &#8211; La Peugeot 107 \u00e0 l\u2019origine du d\u00e9part de l\u2019incendie entre les Pennes-Mirabeau et Marseille n\u2019aurait&hellip;\n","protected":false},"author":2,"featured_media":240859,"comment_status":"","ping_status":"","sticky":false,"template":"","format":"standard","meta":{"footnotes":""},"categories":[2814],"tags":[5147,1111,11,15737,1777,674,1011,27,38040,884,12,37365,7526,38041,882,25],"class_list":{"0":"post-240858","1":"post","2":"type-post","3":"status-publish","4":"format-standard","5":"has-post-thumbnail","7":"category-marseille","8":"tag-15e-arrondissement-de-marseille","9":"tag-actu","10":"tag-actualites","11":"tag-controle-technique","12":"tag-eu","13":"tag-europe","14":"tag-fr","15":"tag-france","16":"tag-la-provence","17":"tag-marseille","18":"tag-news","19":"tag-pennes-mirabeau","20":"tag-peugeot","21":"tag-peugeot-107","22":"tag-provence-alpes-cote-dazur","23":"tag-republique-francaise"},"share_on_mastodon":{"url":"https:\/\/pubeurope.com\/@fr\/114830817524025561","error":""},"_links":{"self":[{"href":"https:\/\/www.europesays.com\/fr\/wp-json\/wp\/v2\/posts\/240858","targetHints":{"allow":["GET"]}}],"collection":[{"href":"https:\/\/www.europesays.com\/fr\/wp-json\/wp\/v2\/posts"}],"about":[{"href":"https:\/\/www.europesays.com\/fr\/wp-json\/wp\/v2\/types\/post"}],"author":[{"embeddable":true,"href":"https:\/\/www.europesays.com\/fr\/wp-json\/wp\/v2\/users\/2"}],"replies":[{"embeddable":true,"href":"https:\/\/www.europesays.com\/fr\/wp-json\/wp\/v2\/comments?post=240858"}],"version-history":[{"count":0,"href":"https:\/\/www.europesays.com\/fr\/wp-json\/wp\/v2\/posts\/240858\/revisions"}],"wp:featuredmedia":[{"embeddable":true,"href":"https:\/\/www.europesays.com\/fr\/wp-json\/wp\/v2\/media\/240859"}],"wp:attachment":[{"href":"https:\/\/www.europesays.com\/fr\/wp-json\/wp\/v2\/media?parent=240858"}],"wp:term":[{"taxonomy":"category","embeddable":true,"href":"https:\/\/www.europesays.com\/fr\/wp-json\/wp\/v2\/categories?post=240858"},{"taxonomy":"post_tag","embeddable":true,"href":"https:\/\/www.europesays.com\/fr\/wp-json\/wp\/v2\/tags?post=240858"}],"curies":[{"name":"wp","href":"https:\/\/api.w.org\/{rel}","templated":true}]}}