{"id":240862,"date":"2025-07-10T20:27:13","date_gmt":"2025-07-10T20:27:13","guid":{"rendered":"https:\/\/www.europesays.com\/fr\/240862\/"},"modified":"2025-07-10T20:27:13","modified_gmt":"2025-07-10T20:27:13","slug":"lyon-7e-la-place-vaclav-havel-a-ouvert-un-nouvel-espace-de-vie-pense-avec-et-pour-les-habitants","status":"publish","type":"post","link":"https:\/\/www.europesays.com\/fr\/240862\/","title":{"rendered":"Lyon 7e. La place Vaclav-Havel a ouvert un nouvel espace de vie, pens\u00e9 avec et pour les habitants"},"content":{"rendered":"<p>Habitants, personnes fr\u00e9quentant le quartier et \u00e9l\u00e8ves du coll\u00e8ge Gis\u00e8le-Halimi ont \u00e9t\u00e9 impliqu\u00e9s \u00e0 travers des questionnaires et des ateliers participatifs. Un site d\u2019occupation temporaire a permis de tester diff\u00e9rentes pr\u00e9figurations du fonctionnement urbain.<\/p>\n<p>Une place contemporaine et climatique<\/p>\n<p>La soci\u00e9t\u00e9 Baseland, en charge de la conception, a ensuite traduit ces demandes en un projet concret et \u00e9quilibr\u00e9.<\/p>\n<p>Bertrand Vignal, concepteur de l\u2019espace Vaclav-Havel et directeur de la soci\u00e9t\u00e9&#8230;<\/p>\n","protected":false},"excerpt":{"rendered":"Habitants, personnes fr\u00e9quentant le quartier et \u00e9l\u00e8ves du coll\u00e8ge Gis\u00e8le-Halimi ont \u00e9t\u00e9 impliqu\u00e9s \u00e0 travers des questionnaires et&hellip;\n","protected":false},"author":2,"featured_media":240863,"comment_status":"","ping_status":"","sticky":false,"template":"","format":"standard","meta":{"footnotes":""},"categories":[1889],"tags":[1111,11,2430,2757,1777,674,1011,27,2428,5947,5946,12,25,104],"class_list":{"0":"post-240862","1":"post","2":"type-post","3":"status-publish","4":"format-standard","5":"has-post-thumbnail","7":"category-lyon","8":"tag-actu","9":"tag-actualites","10":"tag-auvergne-rhone-alpes","11":"tag-edition-lyon-villeurbanne","12":"tag-eu","13":"tag-europe","14":"tag-fr","15":"tag-france","16":"tag-lyon","17":"tag-lyon-7e","18":"tag-lyon-7e-arrondissement","19":"tag-news","20":"tag-republique-francaise","21":"tag-societe"},"share_on_mastodon":{"url":"https:\/\/pubeurope.com\/@fr\/114830825386142070","error":""},"_links":{"self":[{"href":"https:\/\/www.europesays.com\/fr\/wp-json\/wp\/v2\/posts\/240862","targetHints":{"allow":["GET"]}}],"collection":[{"href":"https:\/\/www.europesays.com\/fr\/wp-json\/wp\/v2\/posts"}],"about":[{"href":"https:\/\/www.europesays.com\/fr\/wp-json\/wp\/v2\/types\/post"}],"author":[{"embeddable":true,"href":"https:\/\/www.europesays.com\/fr\/wp-json\/wp\/v2\/users\/2"}],"replies":[{"embeddable":true,"href":"https:\/\/www.europesays.com\/fr\/wp-json\/wp\/v2\/comments?post=240862"}],"version-history":[{"count":0,"href":"https:\/\/www.europesays.com\/fr\/wp-json\/wp\/v2\/posts\/240862\/revisions"}],"wp:featuredmedia":[{"embeddable":true,"href":"https:\/\/www.europesays.com\/fr\/wp-json\/wp\/v2\/media\/240863"}],"wp:attachment":[{"href":"https:\/\/www.europesays.com\/fr\/wp-json\/wp\/v2\/media?parent=240862"}],"wp:term":[{"taxonomy":"category","embeddable":true,"href":"https:\/\/www.europesays.com\/fr\/wp-json\/wp\/v2\/categories?post=240862"},{"taxonomy":"post_tag","embeddable":true,"href":"https:\/\/www.europesays.com\/fr\/wp-json\/wp\/v2\/tags?post=240862"}],"curies":[{"name":"wp","href":"https:\/\/api.w.org\/{rel}","templated":true}]}}