{"id":240868,"date":"2025-07-10T20:31:31","date_gmt":"2025-07-10T20:31:31","guid":{"rendered":"https:\/\/www.europesays.com\/fr\/240868\/"},"modified":"2025-07-10T20:31:31","modified_gmt":"2025-07-10T20:31:31","slug":"il-ne-faut-pas-que-paul-soit-mort-pour-rien-a-paris-une-piste-cyclable-porte-le-nom-du-militant-tue-a-velo","status":"publish","type":"post","link":"https:\/\/www.europesays.com\/fr\/240868\/","title":{"rendered":"\u00ab\u00a0Il ne faut pas que Paul soit mort pour rien\u00a0\u00bb\u00a0: \u00e0 Paris, une piste cyclable porte le nom du militant tu\u00e9 \u00e0 v\u00e9lo"},"content":{"rendered":"<p class=\"paragraph text_align_left lp-f-body-02\">La famille de Paul a les yeux lev\u00e9s vers le ciel. Ou plut\u00f4t vers le sommet d\u2019un feu tricolore, o\u00f9 depuis quelques secondes, en ce mercredi 9 juillet, tr\u00f4ne le nom d\u2019un fils, d\u2019un fr\u00e8re, d\u2019un compagnon : \u00ab <a href=\"https:\/\/www.leparisien.fr\/paris-75\/a-paris-une-piste-cyclable-prendra-le-nom-de-paul-varry-tue-par-un-automobiliste-17-04-2025-N5UZOWI4NBEAFKOLASNUN4NIOE.php\" target=\"_self\" rel=\"nofollow noopener\">Piste cyclable Paul-Varry<\/a> \u2015 1996-2024 \u2015 Militant du v\u00e9lo \u00bb. Devant le mus\u00e9e des Arts et M\u00e9tiers, dans le IIIe arrondissement de <a href=\"https:\/\/www.leparisien.fr\/paris-75\/\" target=\"_self\" rel=\"nofollow noopener\">Paris<\/a>, le nom de ce cycliste, <a href=\"https:\/\/www.leparisien.fr\/faits-divers\/paris-un-cycliste-meurt-ecrase-par-un-automobiliste-suite-a-un-differend-de-la-route-15-10-2024-35GTFH2QORESFDQDHLSPITJVHY.php\" target=\"_blank\" rel=\"noreferrer nofollow noopener\">tu\u00e9 en octobre dernier par un automobiliste<\/a> dans la capitale, r\u00e9sonne \u00e0 jamais.<\/p>\n<p class=\"paragraph text_align_left lp-f-body-02\">Cette piste cyclable, <a href=\"https:\/\/www.leparisien.fr\/faits-divers\/cycliste-ecrase-a-paris-cest-ce-contre-quoi-paul-se-battait-qui-la-tue-16-10-2024-7PGC5725GZE3ZPVJT6HWFXQMIA.php\" target=\"_self\" rel=\"nofollow noopener\">Paul Varry<\/a> est tr\u00e8s loin d\u2019y \u00eatre \u00e9tranger. Membre actif de l\u2019association Paris en Selle \u00e0 Paris Centre, le militant cycliste avait particip\u00e9 aux nombreuses r\u00e9unions publiques qui ont dessin\u00e9 et ajust\u00e9 son trac\u00e9, d\u2019Op\u00e9ra (IXe) \u00e0 Temple (IIIe).<\/p>\n","protected":false},"excerpt":{"rendered":"La famille de Paul a les yeux lev\u00e9s vers le ciel. Ou plut\u00f4t vers le sommet d\u2019un feu&hellip;\n","protected":false},"author":2,"featured_media":240869,"comment_status":"","ping_status":"","sticky":false,"template":"","format":"standard","meta":{"footnotes":""},"categories":[1888],"tags":[1111,1928,11,1927,1777,674,1011,27,1944,12,1926,626,1925,25],"class_list":{"0":"post-240868","1":"post","2":"type-post","3":"status-publish","4":"format-standard","5":"has-post-thumbnail","7":"category-paris","8":"tag-actu","9":"tag-actu-paris","10":"tag-actualites","11":"tag-actualites-paris","12":"tag-eu","13":"tag-europe","14":"tag-fr","15":"tag-france","16":"tag-ma-ville","17":"tag-news","18":"tag-news-paris","19":"tag-paris","20":"tag-paris-news","21":"tag-republique-francaise"},"share_on_mastodon":{"url":"https:\/\/pubeurope.com\/@fr\/114830841226275324","error":""},"_links":{"self":[{"href":"https:\/\/www.europesays.com\/fr\/wp-json\/wp\/v2\/posts\/240868","targetHints":{"allow":["GET"]}}],"collection":[{"href":"https:\/\/www.europesays.com\/fr\/wp-json\/wp\/v2\/posts"}],"about":[{"href":"https:\/\/www.europesays.com\/fr\/wp-json\/wp\/v2\/types\/post"}],"author":[{"embeddable":true,"href":"https:\/\/www.europesays.com\/fr\/wp-json\/wp\/v2\/users\/2"}],"replies":[{"embeddable":true,"href":"https:\/\/www.europesays.com\/fr\/wp-json\/wp\/v2\/comments?post=240868"}],"version-history":[{"count":0,"href":"https:\/\/www.europesays.com\/fr\/wp-json\/wp\/v2\/posts\/240868\/revisions"}],"wp:featuredmedia":[{"embeddable":true,"href":"https:\/\/www.europesays.com\/fr\/wp-json\/wp\/v2\/media\/240869"}],"wp:attachment":[{"href":"https:\/\/www.europesays.com\/fr\/wp-json\/wp\/v2\/media?parent=240868"}],"wp:term":[{"taxonomy":"category","embeddable":true,"href":"https:\/\/www.europesays.com\/fr\/wp-json\/wp\/v2\/categories?post=240868"},{"taxonomy":"post_tag","embeddable":true,"href":"https:\/\/www.europesays.com\/fr\/wp-json\/wp\/v2\/tags?post=240868"}],"curies":[{"name":"wp","href":"https:\/\/api.w.org\/{rel}","templated":true}]}}