{"id":240878,"date":"2025-07-10T20:36:11","date_gmt":"2025-07-10T20:36:11","guid":{"rendered":"https:\/\/www.europesays.com\/fr\/240878\/"},"modified":"2025-07-10T20:36:11","modified_gmt":"2025-07-10T20:36:11","slug":"lonu-exhorte-les-etats-unis-a-lever-rapidement-les-sanctions-contre-francesca-albanese","status":"publish","type":"post","link":"https:\/\/www.europesays.com\/fr\/240878\/","title":{"rendered":"L\u2019ONU exhorte les \u00c9tats-Unis \u00e0 lever rapidement les sanctions contre Francesca Albanese"},"content":{"rendered":"<p style=\"text-align:justify;\">AA \/ Chicago \/ Ayse Betul Akcesme<\/p>\n<p style=\"text-align:justify;\">Le Haut-Commissaire des Nations Unies aux droits de l\u2019homme, Volker T\u00fcrk, a appel\u00e9, jeudi, \u00e0 la \u00ab\u00a0lev\u00e9e rapide\u00a0\u00bb des sanctions impos\u00e9es par les \u00c9tats-Unis contre Francesca Albanese, rapporteuse sp\u00e9ciale sur la situation des droits de l\u2019homme dans les territoires palestiniens occup\u00e9s.<\/p>\n<p style=\"text-align:justify;\">Cette d\u00e9claration intervient au lendemain de l\u2019annonce par le chef de la diplomatie am\u00e9ricaine, Marco Rubio, de sanctions contre l\u2019experte onusienne, accus\u00e9e de mener des \u00ab\u00a0efforts ill\u00e9gitimes et honteux visant \u00e0 inciter la Cour p\u00e9nale internationale \u00e0 agir contre des responsables, des entreprises et des dirigeants am\u00e9ricains et isra\u00e9liens\u00a0\u00bb.<\/p>\n<p style=\"text-align:justify;\">Dans une d\u00e9claration \u00e0 la presse, T\u00fcrk a soulign\u00e9 que \u00ab\u00a0les rapporteurs sp\u00e9ciaux des Nations Unies, ainsi que d&rsquo;autres acteurs de l&rsquo;\u00e9cosyst\u00e8me des droits de l&rsquo;homme, abordent, par nature, des questions sensibles et souvent source de divisions, qui constituent une pr\u00e9occupation internationale\u00a0\u00bb.<\/p>\n<p style=\"text-align:justify;\">Face aux tensions croissantes autour de certaines proc\u00e9dures sp\u00e9ciales, il a insist\u00e9 sur la n\u00e9cessit\u00e9 pour les \u00c9tats membres de l\u2019ONU de \u00ab\u00a0s&rsquo;engager de mani\u00e8re concr\u00e8te et constructive, plut\u00f4t que de recourir \u00e0 des mesures punitives\u00a0\u00bb.<\/p>\n<p style=\"text-align:justify;\">Le Haut-Commissaire a \u00e9galement condamn\u00e9 les menaces et pressions exerc\u00e9es sur certaines institutions internationales, affirmant que \u00ab\u00a0les attaques et les menaces contre les titulaires de mandat au titre des proc\u00e9dures sp\u00e9ciales, ainsi que contre des institutions cl\u00e9s comme la Cour p\u00e9nale internationale (CPI), doivent cesser\u00a0\u00bb.<\/p>\n<p style=\"text-align:justify;\">Selon lui, il est imp\u00e9ratif de renforcer les \u00e9changes sur les enjeux soulev\u00e9s par ces m\u00e9canismes. \u00ab\u00a0La solution r\u00e9side non pas dans le manque, mais dans le renforcement du d\u00e9bat et du dialogue sur les pr\u00e9occupations concr\u00e8tes en mati\u00e8re de droits de l&rsquo;homme qu&rsquo;ils traitent\u00a0\u00bb, a-t-il ajout\u00e9.<\/p>\n<p style=\"text-align:justify;\">Dans la m\u00eame d\u00e9claration, le pr\u00e9sident du Conseil des droits de l\u2019homme des Nations Unies, J\u00fcrg Lauber, a de son c\u00f4t\u00e9 \u00ab\u00a0regrett\u00e9\u00a0\u00bb la d\u00e9cision de Washington d\u2019imposer des sanctions \u00e0 l&rsquo;experte onusienne.<\/p>\n<p style=\"text-align:justify;\">Il a rappel\u00e9 que \u00ab\u00a0les rapporteurs sp\u00e9ciaux sont un instrument essentiel du Conseil dans l&rsquo;accomplissement de son mandat de promotion et de protection de tous les droits de l&rsquo;homme dans le monde\u00a0\u00bb et a exhort\u00e9 \u00ab\u00a0tous les \u00c9tats membres de l&rsquo;ONU \u00e0 coop\u00e9rer pleinement avec les rapporteurs\u00a0\u00bb.<\/p>\n<p>                            &#13;<br \/>\n                                <a href=\"https:\/\/www.aa.com.tr\/fr\/p\/abonnement\/1001\" target=\"_blank\" style=\"font-size:12px; color:#444; text-decoration:none;\" rel=\"nofollow noopener\">&#13;<br \/>\n                                    Seulement une partie des d\u00e9p\u00eaches, que l&rsquo;Agence Anadolu diffuse \u00e0 ses abonn\u00e9s via le Syst\u00e8me de Diffusion interne (HAS), est diffus\u00e9e sur le site de l&rsquo;AA, de mani\u00e8re r\u00e9sum\u00e9e. <b style=\"color:#1897F7\">Contactez-nous s&rsquo;il vous pla\u00eet pour vous abonner.<\/b>&#13;<br \/>\n                                <\/a>&#13;<\/p>\n","protected":false},"excerpt":{"rendered":"AA \/ Chicago \/ Ayse Betul Akcesme Le Haut-Commissaire des Nations Unies aux droits de l\u2019homme, Volker T\u00fcrk,&hellip;\n","protected":false},"author":2,"featured_media":240879,"comment_status":"","ping_status":"","sticky":false,"template":"","format":"standard","meta":{"footnotes":""},"categories":[1589],"tags":[11,1785,73,1866,5105,12,3521,1864,1865,1863,308],"class_list":{"0":"post-240878","1":"post","2":"type-post","3":"status-publish","4":"format-standard","5":"has-post-thumbnail","7":"category-etats-unis","8":"tag-actualites","9":"tag-anadolu-ajansi","10":"tag-etats-unis","11":"tag-etats-unis-damerique","12":"tag-francesca-albanese","13":"tag-news","14":"tag-onu","15":"tag-united-states","16":"tag-united-states-of-america","17":"tag-us","18":"tag-usa"},"share_on_mastodon":{"url":"https:\/\/pubeurope.com\/@fr\/114830860849354004","error":""},"_links":{"self":[{"href":"https:\/\/www.europesays.com\/fr\/wp-json\/wp\/v2\/posts\/240878","targetHints":{"allow":["GET"]}}],"collection":[{"href":"https:\/\/www.europesays.com\/fr\/wp-json\/wp\/v2\/posts"}],"about":[{"href":"https:\/\/www.europesays.com\/fr\/wp-json\/wp\/v2\/types\/post"}],"author":[{"embeddable":true,"href":"https:\/\/www.europesays.com\/fr\/wp-json\/wp\/v2\/users\/2"}],"replies":[{"embeddable":true,"href":"https:\/\/www.europesays.com\/fr\/wp-json\/wp\/v2\/comments?post=240878"}],"version-history":[{"count":0,"href":"https:\/\/www.europesays.com\/fr\/wp-json\/wp\/v2\/posts\/240878\/revisions"}],"wp:featuredmedia":[{"embeddable":true,"href":"https:\/\/www.europesays.com\/fr\/wp-json\/wp\/v2\/media\/240879"}],"wp:attachment":[{"href":"https:\/\/www.europesays.com\/fr\/wp-json\/wp\/v2\/media?parent=240878"}],"wp:term":[{"taxonomy":"category","embeddable":true,"href":"https:\/\/www.europesays.com\/fr\/wp-json\/wp\/v2\/categories?post=240878"},{"taxonomy":"post_tag","embeddable":true,"href":"https:\/\/www.europesays.com\/fr\/wp-json\/wp\/v2\/tags?post=240878"}],"curies":[{"name":"wp","href":"https:\/\/api.w.org\/{rel}","templated":true}]}}