{"id":240880,"date":"2025-07-10T20:37:19","date_gmt":"2025-07-10T20:37:19","guid":{"rendered":"https:\/\/www.europesays.com\/fr\/240880\/"},"modified":"2025-07-10T20:37:19","modified_gmt":"2025-07-10T20:37:19","slug":"la-force-franco-britannique-renforcee-pourrait-atteindre-jusqua-50-000-hommes-mobilisables-dans-un-engagement-majeur-selon-macron","status":"publish","type":"post","link":"https:\/\/www.europesays.com\/fr\/240880\/","title":{"rendered":"La force franco-britannique renforc\u00e9e pourrait atteindre \u00abjusqu\u2019\u00e0 50.000 hommes\u00bb mobilisables \u00abdans un engagement majeur\u00bb, selon Macron"},"content":{"rendered":"<p>Mercredi, Londres et Paris avaient annonc\u00e9 vouloir utiliser la force exp\u00e9ditionnaire conjointe franco-britannique d\u00e9j\u00e0 existante comme \u00absocle\u00bb d\u2019une future force d\u00e9ploy\u00e9e sous l\u2019\u00e9gide de \u00abla coalition des volontaires\u00bb.<\/p>\n<p class=\"fig-paragraph\">La force exp\u00e9ditionnaire conjointe franco-britannique (CJEF) va voir ses effectifs renforc\u00e9s pour atteindre \u00abjusqu\u2019\u00e0 50.000 hommes\u00bb mobilisables \u00abdans un engagement majeur\u00bb et qui pourraient \u00eatre mis \u00ab\u00e0 disposition de l\u2019Otan\u00bb, a annonc\u00e9 jeudi le pr\u00e9sident fran\u00e7ais Emmanuel Macron. \u00abNous faisons passer cette force conjointe du niveau d\u2019une brigade \u00e0 celle d\u2019un corps d\u2019arm\u00e9e, c\u2019est-\u00e0-dire pouvant aller jusqu\u2019\u00e0 50.000 hommes, capables d\u2019\u00eatre employ\u00e9s dans un engagement majeur\u00bb, a-t-il d\u00e9clar\u00e9 lors d\u2019une conf\u00e9rence de presse conjointe avec le premier ministre britannique\u00a0<a href=\"http:\/\/www.lefigaro.fr\/international\/dissuasion-la-france-et-le-royaume-uni-renforcent-leur-coordination-face-a-la-menace-russe-20250709\" data-fig-type=\"Article\" data-gtm-custom-categorie=\"navigation\" data-gtm-custom-action=\"crossclick\" data-gtm-custom-label=\"Contextuel\" data-gtm-event=\"customEventSPE\" data-fig-domain=\"LEFIGARO\" target=\"_blank\" rel=\"noopener\">Keir Starmer<\/a>\u00a0sur la base militaire britannique de Northwood, au nord-ouest de Londres.<\/p>\n<p class=\"fig-paragraph\">Cette force, susceptible d\u2019\u00eatre \u00abmultipli\u00e9e par cinq\u00bb par rapport \u00e0 son volume actuel, aura un noyau dur, autour de la France et du Royaume-Uni, \u00abcapable d\u2019agr\u00e9ger d\u2019autres partenaires europ\u00e9ens et d\u2019\u00eatre mis \u00e0 la disposition\u00bb de l\u2019Otan, a-t-il ajout\u00e9. Ce partenariat \u00abdonne une cr\u00e9dibilit\u00e9 et une robustesse \u00e0 ce pilier europ\u00e9en de l\u2019OTAN sur le plan op\u00e9rationnel et cr\u00e9dibilise aussi l\u2019autonomie strat\u00e9gique\u00bb de l\u2019Europe, a soulign\u00e9 Emmanuel Macron.<\/p>\n<p>                                    <a class=\"fig-a11y-skip a11y-hidden\" href=\"#fig-a11y-skip-main-inarticle\"><br \/>\n        Passer la publicit\u00e9<br \/>\n    <\/a><\/p>\n<p class=\"fig-paragraph\">Cette force, qui s\u2019appellera d\u00e9sormais la Force conjointe franco-britannique, joue d\u00e9j\u00e0 un \u00abr\u00f4le important dans l\u2019organisation de la Coalition des volontaires\u00bb, indique l\u2019\u00c9lys\u00e9e. Celle-ci r\u00e9unit une trentaine de pays susceptibles de d\u00e9ployer une force de garantie du cessez-le-feu en Ukraine, une fois celui-ci conclu, pour dissuader la Russie de lancer une nouvelle offensive. Elle pourra servir de \u00abnoyau de planification des forces de r\u00e9assurance qui pourraient \u00eatre d\u00e9ploy\u00e9es en Ukraine dans le cadre du cessez-le-feu lorsqu\u2019il y en aura un\u00bb, rel\u00e8ve la pr\u00e9sidence fran\u00e7aise.<\/p>\n","protected":false},"excerpt":{"rendered":"Mercredi, Londres et Paris avaient annonc\u00e9 vouloir utiliser la force exp\u00e9ditionnaire conjointe franco-britannique d\u00e9j\u00e0 existante comme \u00absocle\u00bb d\u2019une&hellip;\n","protected":false},"author":2,"featured_media":240881,"comment_status":"","ping_status":"","sticky":false,"template":"","format":"standard","meta":{"footnotes":""},"categories":[1588],"tags":[11,1073,1777,674,2581,12,473,1853,1851,1850,1852],"class_list":{"0":"post-240880","1":"post","2":"type-post","3":"status-publish","4":"format-standard","5":"has-post-thumbnail","7":"category-royaume-uni","8":"tag-actualites","9":"tag-emmanuel-macron","10":"tag-eu","11":"tag-europe","12":"tag-keir-starmer","13":"tag-news","14":"tag-royaume-uni","15":"tag-royaume-uni-de-grande-bretagne-et-dirlande-du-nord","16":"tag-uk","17":"tag-united-kingdom","18":"tag-united-kingdom-of-great-britain-and-northern-ireland"},"share_on_mastodon":{"url":"https:\/\/pubeurope.com\/@fr\/114830864833195518","error":""},"_links":{"self":[{"href":"https:\/\/www.europesays.com\/fr\/wp-json\/wp\/v2\/posts\/240880","targetHints":{"allow":["GET"]}}],"collection":[{"href":"https:\/\/www.europesays.com\/fr\/wp-json\/wp\/v2\/posts"}],"about":[{"href":"https:\/\/www.europesays.com\/fr\/wp-json\/wp\/v2\/types\/post"}],"author":[{"embeddable":true,"href":"https:\/\/www.europesays.com\/fr\/wp-json\/wp\/v2\/users\/2"}],"replies":[{"embeddable":true,"href":"https:\/\/www.europesays.com\/fr\/wp-json\/wp\/v2\/comments?post=240880"}],"version-history":[{"count":0,"href":"https:\/\/www.europesays.com\/fr\/wp-json\/wp\/v2\/posts\/240880\/revisions"}],"wp:featuredmedia":[{"embeddable":true,"href":"https:\/\/www.europesays.com\/fr\/wp-json\/wp\/v2\/media\/240881"}],"wp:attachment":[{"href":"https:\/\/www.europesays.com\/fr\/wp-json\/wp\/v2\/media?parent=240880"}],"wp:term":[{"taxonomy":"category","embeddable":true,"href":"https:\/\/www.europesays.com\/fr\/wp-json\/wp\/v2\/categories?post=240880"},{"taxonomy":"post_tag","embeddable":true,"href":"https:\/\/www.europesays.com\/fr\/wp-json\/wp\/v2\/tags?post=240880"}],"curies":[{"name":"wp","href":"https:\/\/api.w.org\/{rel}","templated":true}]}}