{"id":240882,"date":"2025-07-10T20:38:19","date_gmt":"2025-07-10T20:38:19","guid":{"rendered":"https:\/\/www.europesays.com\/fr\/240882\/"},"modified":"2025-07-10T20:38:19","modified_gmt":"2025-07-10T20:38:19","slug":"galaxus-allemagne-migros-essuie-des-pertes-mais-reste-confiante","status":"publish","type":"post","link":"https:\/\/www.europesays.com\/fr\/240882\/","title":{"rendered":"Galaxus Allemagne: Migros essuie des pertes mais reste confiante"},"content":{"rendered":"<p>Publi\u00e910. juillet 2025, 20:54<\/p>\n<p>\u00c9conomie: Galaxus: Migros perd des millions en Allemagne mais garde la foi<\/p>\n<p>La filiale allemande de Galaxus, propri\u00e9t\u00e9 de Migros, co\u00fbte cher au g\u00e9ant orange. Mais il continue malgr\u00e9 tout d&rsquo;y croire.<\/p>\n<p><a href=\"https:\/\/www.20min.ch\/fr\/auteurs\/64761643\/samuel-bonvin\" class=\"sc-b1f21c84-2 egfiIF\" rel=\"nofollow noopener\" target=\"_blank\"><img decoding=\"async\" alt=\"Samuel Bonvin\" src=\"https:\/\/www.europesays.com\/fr\/wp-content\/uploads\/2025\/07\/40693e1a-705a-4dbf-a781-8f45ea17c042.jpeg\" class=\"sc-b1f21c84-1 iTOvpR\"\/><\/a><img loading=\"lazy\" decoding=\"async\" src=\"https:\/\/www.europesays.com\/fr\/wp-content\/uploads\/2025\/07\/8ef8ec6f-98a2-466d-9cac-48adadcb5e60.jpg\" alt=\"Les chiffres de Galaxus Allemagne sont dans le rouge depuis plusieurs ann\u00e9es.\" title=\"Les chiffres de Galaxus Allemagne sont dans le rouge depuis plusieurs ann\u00e9es.\"  width=\"1200\" height=\"800\"\/><\/p>\n<p>Les chiffres de Galaxus Allemagne sont dans le rouge depuis plusieurs ann\u00e9es.<\/p>\n<p>20min\/Marco Zangger<\/p>\n<p>Galaxus Allemagne est un gouffre financier. En 2022 d\u00e9j\u00e0, le pendant allemand de la filiale de Migros avait essuy\u00e9 un d\u00e9ficit de 49 millions d&rsquo;euros. En 2023, les pertes \u00e9taient m\u00eame mont\u00e9es \u00e0 61 millions d&rsquo;euros. Et les choses auraient continu\u00e9 \u00abau m\u00eame rythme\u00bb l&rsquo;ann\u00e9e pass\u00e9e, selon une information r\u00e9v\u00e9l\u00e9e mercredi par le m\u00e9dia \u00abInside Paradeplatz\u00bb. \u00c0 cela s\u2019ajoutent encore des engagements financiers importants: 38 millions d\u2019euros sont dus entre 2025 et 2028, et 69 millions \u00ab\u00e0 partir du 1er janvier 2029\u00bb. En cause, notamment, des loyers pour les bureaux de Hambourg ou\u00a0<a href=\"https:\/\/www.20min.ch\/fr\/story\/allemagne-galaxus-va-construire-un-immense-centre-et-creer-1000-emplois-103195963\" rel=\"nofollow noopener\" target=\"_blank\">les nouveaux sites logistiques \u00e0 Neuenburg am Rhein<\/a>.<\/p>\n<p>Tout est sous contr\u00f4le, selon Migros<\/p>\n<p>Malgr\u00e9 ces pertes importantes, Migros &#8211; <a href=\"https:\/\/www.20min.ch\/fr\/story\/jusqua-1500-postes-touches-migros-annonce-des-licenciements-massifs-103034480\" rel=\"nofollow noopener\" target=\"_blank\">en pleine restructuration au cours de laquelle nombre de ses entreprises ont \u00e9t\u00e9 vendues<\/a>\u00a0&#8211; ne semble pas douter de son b\u00e9b\u00e9 allemand. \u00abIl s&rsquo;agit de d\u00e9penses courantes dans le secteur, qui sont n\u00e9cessaires pour d\u00e9velopper une entreprise d&rsquo;e-commerce et positionner durablement la marque face \u00e0 la concurrence \u2013 comme Zalando ou Amazon\u00bb, a en effet expliqu\u00e9 un porte-parole \u00e0 nos coll\u00e8gues de \u00ab20 Minuten\u00bb. Les pertes sont donc sciemment calcul\u00e9es et accept\u00e9es: \u00abElles nous permettent d&rsquo;atteindre rapidement une taille critique, de r\u00e9aliser des \u00e9conomies d&rsquo;\u00e9chelle et ainsi d&rsquo;assurer une rentabilit\u00e9 sur le long terme\u00bb.<\/p>\n<p>Par ailleurs, les objectifs jusqu&rsquo;\u00e0 pr\u00e9sent fix\u00e9s \u00e0 Galaxus et Galaxus Allemagne ont toujours \u00e9t\u00e9 atteints, selon le porte-parole. La filiale allemande aurait m\u00eame augment\u00e9 son chiffre d&rsquo;affaires de 57% en 2023. Migros continue donc d&rsquo;y croire dur comme fer.<\/p>\n<p>(fpo)<\/p>\n","protected":false},"excerpt":{"rendered":"Publi\u00e910. juillet 2025, 20:54 \u00c9conomie: Galaxus: Migros perd des millions en Allemagne mais garde la foi La filiale&hellip;\n","protected":false},"author":2,"featured_media":240883,"comment_status":"","ping_status":"","sticky":false,"template":"","format":"standard","meta":{"footnotes":""},"categories":[1587],"tags":[11,672,1804,1805,1803,1777,674,1801,12,1802],"class_list":{"0":"post-240882","1":"post","2":"type-post","3":"status-publish","4":"format-standard","5":"has-post-thumbnail","7":"category-allemagne","8":"tag-actualites","9":"tag-allemagne","10":"tag-bundesrepublik-deutschland","11":"tag-de","12":"tag-deutschland","13":"tag-eu","14":"tag-europe","15":"tag-germany","16":"tag-news","17":"tag-republique-federale-dallemagne"},"share_on_mastodon":{"url":"https:\/\/pubeurope.com\/@fr\/114830868773118945","error":""},"_links":{"self":[{"href":"https:\/\/www.europesays.com\/fr\/wp-json\/wp\/v2\/posts\/240882","targetHints":{"allow":["GET"]}}],"collection":[{"href":"https:\/\/www.europesays.com\/fr\/wp-json\/wp\/v2\/posts"}],"about":[{"href":"https:\/\/www.europesays.com\/fr\/wp-json\/wp\/v2\/types\/post"}],"author":[{"embeddable":true,"href":"https:\/\/www.europesays.com\/fr\/wp-json\/wp\/v2\/users\/2"}],"replies":[{"embeddable":true,"href":"https:\/\/www.europesays.com\/fr\/wp-json\/wp\/v2\/comments?post=240882"}],"version-history":[{"count":0,"href":"https:\/\/www.europesays.com\/fr\/wp-json\/wp\/v2\/posts\/240882\/revisions"}],"wp:featuredmedia":[{"embeddable":true,"href":"https:\/\/www.europesays.com\/fr\/wp-json\/wp\/v2\/media\/240883"}],"wp:attachment":[{"href":"https:\/\/www.europesays.com\/fr\/wp-json\/wp\/v2\/media?parent=240882"}],"wp:term":[{"taxonomy":"category","embeddable":true,"href":"https:\/\/www.europesays.com\/fr\/wp-json\/wp\/v2\/categories?post=240882"},{"taxonomy":"post_tag","embeddable":true,"href":"https:\/\/www.europesays.com\/fr\/wp-json\/wp\/v2\/tags?post=240882"}],"curies":[{"name":"wp","href":"https:\/\/api.w.org\/{rel}","templated":true}]}}