{"id":240884,"date":"2025-07-10T20:39:19","date_gmt":"2025-07-10T20:39:19","guid":{"rendered":"https:\/\/www.europesays.com\/fr\/240884\/"},"modified":"2025-07-10T20:39:19","modified_gmt":"2025-07-10T20:39:19","slug":"les-cinq-points-chauds-qui-font-trembler-leurope-face-a-trump","status":"publish","type":"post","link":"https:\/\/www.europesays.com\/fr\/240884\/","title":{"rendered":"Les cinq points chauds qui font trembler l\u2019Europe face \u00e0 Trump"},"content":{"rendered":"<p class=\"mb-4 text-lg md:leading-8 break-words\">Un bref r\u00e9pit\u00a0? Plut\u00f4t la continuation d&rsquo;une torture pour les \u00e9quipes de n\u00e9gociateurs europ\u00e9ens depuis que <a class=\"link \" href=\"https:\/\/www.lepoint.fr\/economie\/ultimatum-douanier-de-trump-trois-mois-de-negociations-pour-pas-grand-chose-07-07-2025-2593856_28.php\" rel=\"nofollow noopener\" target=\"_blank\" data-ylk=\"slk:Donald Trump;elm:context_link;itc:0;sec:content-canvas\">Donald Trump<\/a> a, au dernier moment, repouss\u00e9 l&rsquo;\u00e9ch\u00e9ance des \u00ab\u00a0taxes douani\u00e8res\u00a0\u00bb au\u00a01er\u00a0ao\u00fbt. Le commissaire Maros Sefcovic, en charge de mener les discussions, a trois semaines pour desserrer l&rsquo;\u00e9tau am\u00e9ricain autour de\u00a0cinq secteurs strat\u00e9giques tous soumis \u00e0 la section 232, ce levier qui permet au pr\u00e9sident am\u00e9ricain de classer \u00ab\u00a0s\u00e9curit\u00e9 nationale\u00a0\u00bb et taxer ce que bon lui semble.<\/p>\n<p class=\"mb-4 text-lg md:leading-8 break-words\">Parmi eux, <a class=\"link \" href=\"https:\/\/www.lepoint.fr\/monde\/l-europe-peut-elle-sauver-ses-vehicules-electriques-24-03-2025-2585518_24.php\" rel=\"nofollow noopener\" target=\"_blank\" data-ylk=\"slk:l&#039;automobile;elm:context_link;itc:0;sec:content-canvas\">l&rsquo;automobile<\/a> qui demeure, \u00e0 ce jour, le calvaire europ\u00e9en et l&rsquo;objet principal des tourments du <a class=\"link \" href=\"https:\/\/www.lepoint.fr\/monde\/allemagne-a-quelques-jours-de-son-investiture-le-chancelier-friedrich-merz-avertit-l-europe-a-valence-30-04-2025-2588585_24.php\" rel=\"nofollow noopener\" target=\"_blank\" data-ylk=\"slk:chancelier Merz.;elm:context_link;itc:0;sec:content-canvas\">chancelier Merz.<\/a> Donald Trump refuse cat\u00e9goriquement d&rsquo;assouplir les droits de douane de 25\u00a0% qui frappent les voitures europ\u00e9ennes et naturellement, les automobiles allemandes sont au centre de son obsession. Pire, il impose un syst\u00e8me pervers de \u00ab\u00a0cr\u00e9dits d&rsquo;exportation de valeur\u00a0\u00bb qui transforme chaque constructeur europ\u00e9en en vassale\u00a0de l&rsquo;administration am\u00e9ricaine.<\/p>\n<p>Le point br\u00fblant\u00a0: l&rsquo;automobile<\/p>\n<p class=\"mb-4 text-lg md:leading-8 break-words\">Le m\u00e9canisme est redoutable. L&rsquo;administration am\u00e9ricaine impose, en effet, un chantage sophistiqu\u00e9. Pour b\u00e9n\u00e9ficier d&rsquo;une\u00a0r\u00e9duction des droits de douane, les constructeurs europ\u00e9ens doivent accepter que 52\u00a0% du contenu de leurs v\u00e9hicules soit produit aux \u00c9tats-Unis. Un seuil qui sonne comme un ultimatum d\u00e9guis\u00e9\u00a0: impossible \u00e0 atteindre sans d\u00e9localiser massivement outre-Atlantique. S&rsquo;ajoutent les quotas de pi\u00e8ces d\u00e9tach\u00e9es, les cr\u00e9dits de production locale, autant de cr [&#8230;] <a href=\"https:\/\/www.lepoint.fr\/monde\/les-cinq-points-chauds-qui-font-trembler-l-europe-face-a-trump-10-07-2025-2594125_24.php\" rel=\"nofollow noopener\" target=\"_blank\" data-ylk=\"slk:Lire la suite;elm:context_link;itc:0;sec:content-canvas\" class=\"link \">Lire la suite<\/a><\/p>\n","protected":false},"excerpt":{"rendered":"Un bref r\u00e9pit\u00a0? Plut\u00f4t la continuation d&rsquo;une torture pour les \u00e9quipes de n\u00e9gociateurs europ\u00e9ens depuis que Donald Trump&hellip;\n","protected":false},"author":2,"featured_media":240885,"comment_status":"","ping_status":"","sticky":false,"template":"","format":"standard","meta":{"footnotes":""},"categories":[1586],"tags":[38043,11,75,2388,1777,674,1011,27,12,25],"class_list":{"0":"post-240884","1":"post","2":"type-post","3":"status-publish","4":"format-standard","5":"has-post-thumbnail","7":"category-europe","8":"tag-1er-aout","9":"tag-actualites","10":"tag-donald-trump","11":"tag-droits-de-douane","12":"tag-eu","13":"tag-europe","14":"tag-fr","15":"tag-france","16":"tag-news","17":"tag-republique-francaise"},"share_on_mastodon":{"url":"https:\/\/pubeurope.com\/@fr\/114830872628634448","error":""},"_links":{"self":[{"href":"https:\/\/www.europesays.com\/fr\/wp-json\/wp\/v2\/posts\/240884","targetHints":{"allow":["GET"]}}],"collection":[{"href":"https:\/\/www.europesays.com\/fr\/wp-json\/wp\/v2\/posts"}],"about":[{"href":"https:\/\/www.europesays.com\/fr\/wp-json\/wp\/v2\/types\/post"}],"author":[{"embeddable":true,"href":"https:\/\/www.europesays.com\/fr\/wp-json\/wp\/v2\/users\/2"}],"replies":[{"embeddable":true,"href":"https:\/\/www.europesays.com\/fr\/wp-json\/wp\/v2\/comments?post=240884"}],"version-history":[{"count":0,"href":"https:\/\/www.europesays.com\/fr\/wp-json\/wp\/v2\/posts\/240884\/revisions"}],"wp:featuredmedia":[{"embeddable":true,"href":"https:\/\/www.europesays.com\/fr\/wp-json\/wp\/v2\/media\/240885"}],"wp:attachment":[{"href":"https:\/\/www.europesays.com\/fr\/wp-json\/wp\/v2\/media?parent=240884"}],"wp:term":[{"taxonomy":"category","embeddable":true,"href":"https:\/\/www.europesays.com\/fr\/wp-json\/wp\/v2\/categories?post=240884"},{"taxonomy":"post_tag","embeddable":true,"href":"https:\/\/www.europesays.com\/fr\/wp-json\/wp\/v2\/tags?post=240884"}],"curies":[{"name":"wp","href":"https:\/\/api.w.org\/{rel}","templated":true}]}}