{"id":240888,"date":"2025-07-10T20:41:14","date_gmt":"2025-07-10T20:41:14","guid":{"rendered":"https:\/\/www.europesays.com\/fr\/240888\/"},"modified":"2025-07-10T20:41:14","modified_gmt":"2025-07-10T20:41:14","slug":"tf1-diffusera-psg-chelsea-et-deprogramme-le-match-de-lequipe-de-france-feminine-a-leuro-2025","status":"publish","type":"post","link":"https:\/\/www.europesays.com\/fr\/240888\/","title":{"rendered":"TF1\u00a0diffusera PSG-Chelsea et d\u00e9programme le match de l\u2019\u00e9quipe de France f\u00e9minine \u00e0 l\u2019Euro 2025"},"content":{"rendered":"<p>        <img decoding=\"async\" loading=\"lazy\" src=\"https:\/\/www.europesays.com\/fr\/wp-content\/uploads\/2025\/07\/f5ce598_upload-1-czne0gtzwdpk-000-64w68vz.jpg\"  width=\"728\" height=\"409\" alt=\"La milieu de terrain fran\u00e7aise Sandy Baltimore c\u00e9l\u00e8bre son but avec ses co\u00e9quipi\u00e8res lors de la premi\u00e8re rencontre de l\u2019Euro 2025\u00a0de l\u2019\u00e9quipe de France face \u00e0 l\u2019Angleterre, le 5\u00a0juillet 2025.\"\/>  <\/p>\n<p>MIGUEL MEDINA \/ AFP<\/p>\n<p>La milieu de terrain fran\u00e7aise Sandy Baltimore c\u00e9l\u00e8bre son but avec ses co\u00e9quipi\u00e8res lors de la premi\u00e8re rencontre de l\u2019Euro 2025\u00a0de l\u2019\u00e9quipe de France face \u00e0 l\u2019Angleterre, le 5\u00a0juillet 2025.<\/p>\n<p class=\"asset asset-text\">SPORT &#8211; C\u2019est une d\u00e9cision qui devrait faire parler. <a href=\"https:\/\/www.huffingtonpost.fr\/medias\/article\/l-union-netflix-tf1-va-bien-plus-loin-que-la-diffusion-d-une-serie-et-c-est-une-premiere_251494.html\" target=\"_blank\" rel=\"noopener\">TF1\u00a0<\/a>devait initialement diffuser ce dimanche \u00e0 21\u00a0heures le troisi\u00e8me match de poule <a href=\"https:\/\/www.huffingtonpost.fr\/sport\/article\/les-bleues-s-imposent-face-a-l-angleterre-a-l-euro-2025-et-reussissent-brillamment-leur-entree-en-lice_252272.html\" target=\"_blank\" rel=\"noopener\">des Bleues \u00e0 l\u2019Euro f\u00e9minin de football<\/a>, contre les Pays-Bas. Mais apr\u00e8s <a href=\"https:\/\/www.huffingtonpost.fr\/sport\/article\/le-psg-balaye-le-real-madrid-4-0-et-se-qualifie-pour-la-finale-de-la-coupe-du-monde-des-clubs_252440.html\" target=\"_blank\" rel=\"noopener\">la qualification du PSG<\/a> en finale de la Coupe du monde des clubs, qui se d\u00e9roulera aussi ce dimanche soir et pour laquelle TF1\u00a0a \u00e9galement les droits, le groupe a chang\u00e9 ses plans\u00a0: ce sera bien le club parisien qui sera sur la premi\u00e8re cha\u00eene.<\/p>\n<p class=\"asset asset-text\">L\u2019\u00e9quipe de France de Griedge Mbock sera quant \u00e0 elle programm\u00e9e en clair sur TMC, sur le canal 10.<\/p>\n<p class=\"asset asset-text\">Interrog\u00e9es en conf\u00e9rence de presse, Kadidiatou Diani et Oriane Jean-Fran\u00e7ois n\u2019ont pas cach\u00e9 leur d\u00e9ception quant \u00e0 ce choix. \u00ab\u00a0On a appris la nouvelle, c\u2019est bien pour le foot fran\u00e7ais que ce genre de matches soient sur TF1. On est d\u00e9\u00e7ues, on aurait aim\u00e9 avoir plus grande visibilit\u00e9 mais on reste diffus\u00e9es sur une cha\u00eene accessible, c\u2019est bien aussi. Entre une finale et un troisi\u00e8me match de groupe, le choix a \u00e9t\u00e9 fait\u00a0\u00bb, a expliqu\u00e9 la premi\u00e8re.<\/p>\n<p class=\"asset asset-text\">\u00ab\u00a0Il y a un peu de d\u00e9ception, on n\u2019a pas de bol, nos trois matches de groupe ont eu lieu pendant la Coupe du monde des clubs.\u00a0\u00c7a reste le PSG, entre une finale et un match de groupe, TF1 a choisi une finale. Bonne chance \u00e0 eux et bonne chance \u00e0 nous aussi. Qu\u2019on soit d\u2019accord ou pas, on n\u2019a pas trop notre mot \u00e0 dire. On vous laisse revendiquer nos droits\u00a0\u00bb, a de son c\u00f4t\u00e9 comment\u00e9 Oriane Jean-Fran\u00e7ois.<\/p>\n<p>    Quand TF1\u00a0disait l\u2019inverse    <\/p>\n<p class=\"asset asset-text\">En France, les matches du Mondial des clubs sont diffus\u00e9s sur la plateforme DAZN, qui n\u2019a pas r\u00e9pondu dans l\u2019imm\u00e9diat \u00e0 l\u2019AFP concernant ses audiences. Mais\u00a0TF1\u00a0avait acquis les droits pour deux d\u2019entre eux\u00a0: l\u2019entr\u00e9e en lice du PSG mi-juin, et la finale de dimanche.<\/p>\n<p class=\"asset asset-text\">Le premier match des Parisiens, remport\u00e9 contre l\u2019Atletico Madrid (4-0) quinze jours apr\u00e8s leur titre en Ligue des champions, avait rassembl\u00e9 3,8\u00a0millions de t\u00e9l\u00e9spectateurs sur la Une le 15\u00a0juin, soit le meilleur score toutes cha\u00eenes confondues ce soir-l\u00e0.<\/p>\n<p class=\"asset asset-text\">De leur c\u00f4t\u00e9, les Bleues, qui ont \u00e9cras\u00e9 le pays de Galles (4-1) \u00e0 l\u2019Euro mercredi soir, ont \u00e9galement permis \u00e0 France 2 de battre la concurrence, en attirant pr\u00e8s de 2,9\u00a0millions d\u2019adeptes. Leur victoire inaugurale samedi (2-1) contre l\u2019Angleterre, tenante du titre, avait r\u00e9uni 2,8\u00a0millions de t\u00e9l\u00e9spectateurs sur\u00a0TF1.<\/p>\n<p class=\"asset asset-text\">Mais cette d\u00e9cision va \u00e0 l\u2019encontre des d\u00e9clarations de Julien Millereux, directeur des sports du groupe TF1, avant le d\u00e9but de l\u2019Euro. \u00ab\u00a0La gouvernance du football mondial a d\u00e9cid\u00e9 d\u2019organiser la finale [de la Coupe du monde des clubs] \u00e0 la m\u00eame date que Pays-Bas-France. Le troisi\u00e8me match de l\u2019\u00e9quipe de France f\u00e9minine \u00e0 l\u2019Euro 2025 sera donc diffus\u00e9 sur TF1, et la finale sera propos\u00e9e sur TMC ou TFX\u00a0\u00bb, avait-il assur\u00e9 dans une conf\u00e9rence de presse avant le d\u00e9but de la comp\u00e9tition, rappelle <a href=\"https:\/\/www.ozap.com\/actu\/deprogrammation-tf1-bouscule-en-derniere-minute-sa-soiree-de-dimanche-et-retrograde-les-bleues-et-leuro-feminin-sur-tmc\/650765\" target=\"_blank\" rel=\"noopener\" title=\"Nouvelle fen\u00eatre\">Purem\u00e9dias<\/a>.<\/p>\n<p>                     Le Mondial des clubs, une comp\u00e9tition critiqu\u00e9e    <\/p>\n<p class=\"asset asset-text\">Avec 6 points, en t\u00eate de leur groupe D, il suffira d\u2019un match nul aux joueuses de Laurent Bonadei dimanche face aux Pays-Bas pour assurer leur ticket pour les quarts.<\/p>\n<p class=\"asset asset-text\">Les Parisiens de Luis Enrique jouent quant \u00e0 eux dimanche un\u00a0titre mondial et un quintupl\u00e9 cette saison, apr\u00e8s avoir remport\u00e9 la Ligue des champions, le championnat de France, la Coupe de France et le Troph\u00e9e des champions. Le 31\u00a0mai, leur victoire (5-0) en Ligue des champions contre l\u2019Inter Milan avait \u00e9t\u00e9 suivie par 11,8\u00a0millions de t\u00e9l\u00e9spectateurs sur M6 et les cha\u00eenes Canal+.<\/p>\n<p class=\"asset asset-text\">On devrait \u00eatre assez loin de ces chiffres-l\u00e0, cette nouvelle Coupe du monde des clubs ayant fait l\u2019objet de nombreuses critiques, \u00e9tant accus\u00e9e de surcharger le calendrier et d\u2019avoir \u00e9t\u00e9 cr\u00e9\u00e9e artificiellement pour des raisons commerciales. En l\u2019occurrence, elle aura eu raison de la diffusion en prime time sur TF1 d\u2019un match certes non \u00e9liminatoire pour l\u2019\u00e9quipe de France f\u00e9minine, mais tout de m\u00eame tr\u00e8s important afin de valider sa premi\u00e8re place de groupe et un parcours plus abordable par la suite.<\/p>\n","protected":false},"excerpt":{"rendered":"MIGUEL MEDINA \/ AFP La milieu de terrain fran\u00e7aise Sandy Baltimore c\u00e9l\u00e8bre son but avec ses co\u00e9quipi\u00e8res lors&hellip;\n","protected":false},"author":2,"featured_media":240889,"comment_status":"","ping_status":"","sticky":false,"template":"","format":"standard","meta":{"footnotes":""},"categories":[2],"tags":[11,38044,63,1011,27,500,12,2332,25,517,199],"class_list":{"0":"post-240888","1":"post","2":"type-post","3":"status-publish","4":"format-standard","5":"has-post-thumbnail","7":"category-actualites","8":"tag-actualites","9":"tag-equipe-de-france-de-football-feminin","10":"tag-football","11":"tag-fr","12":"tag-france","13":"tag-medias","14":"tag-news","15":"tag-paris-saint-germain-psg","16":"tag-republique-francaise","17":"tag-sport","18":"tag-tf1"},"share_on_mastodon":{"url":"https:\/\/pubeurope.com\/@fr\/114830880691816081","error":""},"_links":{"self":[{"href":"https:\/\/www.europesays.com\/fr\/wp-json\/wp\/v2\/posts\/240888","targetHints":{"allow":["GET"]}}],"collection":[{"href":"https:\/\/www.europesays.com\/fr\/wp-json\/wp\/v2\/posts"}],"about":[{"href":"https:\/\/www.europesays.com\/fr\/wp-json\/wp\/v2\/types\/post"}],"author":[{"embeddable":true,"href":"https:\/\/www.europesays.com\/fr\/wp-json\/wp\/v2\/users\/2"}],"replies":[{"embeddable":true,"href":"https:\/\/www.europesays.com\/fr\/wp-json\/wp\/v2\/comments?post=240888"}],"version-history":[{"count":0,"href":"https:\/\/www.europesays.com\/fr\/wp-json\/wp\/v2\/posts\/240888\/revisions"}],"wp:featuredmedia":[{"embeddable":true,"href":"https:\/\/www.europesays.com\/fr\/wp-json\/wp\/v2\/media\/240889"}],"wp:attachment":[{"href":"https:\/\/www.europesays.com\/fr\/wp-json\/wp\/v2\/media?parent=240888"}],"wp:term":[{"taxonomy":"category","embeddable":true,"href":"https:\/\/www.europesays.com\/fr\/wp-json\/wp\/v2\/categories?post=240888"},{"taxonomy":"post_tag","embeddable":true,"href":"https:\/\/www.europesays.com\/fr\/wp-json\/wp\/v2\/tags?post=240888"}],"curies":[{"name":"wp","href":"https:\/\/api.w.org\/{rel}","templated":true}]}}