{"id":240892,"date":"2025-07-10T20:43:13","date_gmt":"2025-07-10T20:43:13","guid":{"rendered":"https:\/\/www.europesays.com\/fr\/240892\/"},"modified":"2025-07-10T20:43:13","modified_gmt":"2025-07-10T20:43:13","slug":"immigration-la-france-et-le-royaume-uni-annoncent-un-accord-dechange-de-migrants","status":"publish","type":"post","link":"https:\/\/www.europesays.com\/fr\/240892\/","title":{"rendered":"Immigration. La France et le Royaume-Uni annoncent un accord d&rsquo;\u00e9change de migrants"},"content":{"rendered":"<p>La France et le Royaume-Uni se sont mis d&rsquo;accord jeudi sur un \u00ab projet pilote \u00bb d&rsquo;\u00e9change de migrants \u00e0 l&rsquo;issue de la visite d&rsquo;Etat du pr\u00e9sident fran\u00e7ais <a href=\"https:\/\/www.ledauphine.com\/p\/emmanuel-macron\" target=\"_blank\" rel=\"nofollow noopener\">Emmanuel Macron<\/a>, alors que les travers\u00e9es de la Manche atteignent des chiffres record.<\/p>\n<p>Accord \u00ab\u00a0r\u00e9volutionnaire\u00a0\u00bb<\/p>\n<p>Cet accord, qui doit encore \u00eatre soumis \u00e0 la Commission europ\u00e9enne avant d&rsquo;\u00eatre sign\u00e9, repose sur le principe de \u00ab un pour un \u00bb.\u00a0<\/p>\n<p>Il pr\u00e9voit le renvoi en France d&rsquo;un migrant arrivant au Royaume-Uni par petit bateau, en \u00e9change de quoi Londres s&rsquo;engage \u00e0 accepter un migrant se trouvant en France et exprimant sa volont\u00e9, via une plateforme en ligne, de s&rsquo;installer au Royaume-Uni et justifiant de liens avec ce pays.<\/p>\n<p>\u00ab Pour la premi\u00e8re fois, les migrants arrivant par petits bateaux seront arr\u00eat\u00e9s puis renvoy\u00e9s rapidement en France \u00bb, a d\u00e9clar\u00e9 le Premier ministre britannique <a href=\"https:\/\/www.ledauphine.com\/p\/keir-starmer\" target=\"_blank\" rel=\"nofollow noopener\">Keir Starmer<\/a>,\u00a0lors d&rsquo;une conf\u00e9rence de presse sur la base militaire de Northwood (nord-ouest de Londres), se r\u00e9jouissant d&rsquo;un accord \u00ab r\u00e9volutionnaire \u00bb sur un projet susceptible de d\u00e9marrer \u00ab dans les prochaines semaines \u00bb.<\/p>\n<p>  Macron tance le Brexit\u00a0<\/p>\n<p>Plus de 21 000 migrants ont travers\u00e9 la Manche depuis le d\u00e9but de l&rsquo;ann\u00e9e, un niveau record qui accro\u00eet la pression sur le dirigeant travailliste, au moment o\u00f9 le parti anti-immigration Reform UK de Nigel Farage monte en puissance dans l&rsquo;opinion.<\/p>\n<p>Emmanuel Macron a quant \u00e0 lui mis en cause le Brexit, soulignant qu&rsquo;il n&rsquo;existait plus depuis lors \u00ab aucun accord migratoire avec l&rsquo;Union europ\u00e9enne \u00bb et que cela cr\u00e9ait une \u00ab incitation \u00bb \u00e0 traverser la Manche. Il a estim\u00e9 que ce projet pilote \u00ab exercera un effet tr\u00e8s dissuasif sur le mod\u00e8le des passeurs et sur les travers\u00e9es \u00bb.<\/p>\n<p>Aucune pr\u00e9cision chiffr\u00e9e n&rsquo;a \u00e9t\u00e9 apport\u00e9e sur cet accord, trouv\u00e9 apr\u00e8s d&rsquo;intenses n\u00e9gociations lors d&rsquo;un sommet bilat\u00e9ral en conclusion d&rsquo;une visite d&rsquo;Etat de trois jours du pr\u00e9sident fran\u00e7ais, la premi\u00e8re pour un chef d&rsquo;Etat de l&rsquo;UE depuis le Brexit en 2020. Le chiffre \u00e9voqu\u00e9 dans la presse de 50 migrants par semaine \u00e9chang\u00e9s &#8211; jug\u00e9 insuffisant par l&rsquo;opposition conservatrice &#8211; n&rsquo;a pas \u00e9t\u00e9 confirm\u00e9.<\/p>\n<p>\u00ab\u00a0Absurde\u00a0\u00bb et \u00ab\u00a0dangereux\u00a0\u00bb<\/p>\n<p>L&rsquo;ONG M\u00e9decins sans fronti\u00e8res a jug\u00e9 que ce projet n&rsquo;\u00e9tait \u00ab pas seulement absurde \u00bb, mais \u00ab aussi extr\u00eamement dangereux \u00bb.<\/p>\n<p>Pour sa part, le Haut Commissariat de l&rsquo;ONU pour les r\u00e9fugi\u00e9s (HCR) a salu\u00e9 un projet qui, \u00ab s&rsquo;il est mis en \u0153uvre de mani\u00e8re appropri\u00e9e \u00bb, pourrait \u00ab offrir un acc\u00e8s \u00e0 la protection aux demandeurs d\u2019asile et r\u00e9fugi\u00e9s des deux c\u00f4t\u00e9s de la Manche \u00bb.<\/p>\n<p>Reste que cinq pays de l&rsquo;UE -Espagne, Gr\u00e8ce, Italie, Malte et Chypre- avaient exprim\u00e9 en juin leur \u00ab pr\u00e9occupation \u00bb, craignant que la France ne renvoie ensuite les migrants vers le premier pays de l&rsquo;UE dans lequel ils sont arriv\u00e9s.<\/p>\n","protected":false},"excerpt":{"rendered":"La France et le Royaume-Uni se sont mis d&rsquo;accord jeudi sur un \u00ab projet pilote \u00bb d&rsquo;\u00e9change de&hellip;\n","protected":false},"author":2,"featured_media":240893,"comment_status":"","ping_status":"","sticky":false,"template":"","format":"standard","meta":{"footnotes":""},"categories":[4],"tags":[11,33,107,1011,27,329,1061,12,316,25],"class_list":{"0":"post-240892","1":"post","2":"type-post","3":"status-publish","4":"format-standard","5":"has-post-thumbnail","7":"category-france","8":"tag-actualites","9":"tag-economie","10":"tag-fil-info","11":"tag-fr","12":"tag-france","13":"tag-france-monde","14":"tag-immigration","15":"tag-news","16":"tag-politique","17":"tag-republique-francaise"},"share_on_mastodon":{"url":"https:\/\/pubeurope.com\/@fr\/114830888453603466","error":""},"_links":{"self":[{"href":"https:\/\/www.europesays.com\/fr\/wp-json\/wp\/v2\/posts\/240892","targetHints":{"allow":["GET"]}}],"collection":[{"href":"https:\/\/www.europesays.com\/fr\/wp-json\/wp\/v2\/posts"}],"about":[{"href":"https:\/\/www.europesays.com\/fr\/wp-json\/wp\/v2\/types\/post"}],"author":[{"embeddable":true,"href":"https:\/\/www.europesays.com\/fr\/wp-json\/wp\/v2\/users\/2"}],"replies":[{"embeddable":true,"href":"https:\/\/www.europesays.com\/fr\/wp-json\/wp\/v2\/comments?post=240892"}],"version-history":[{"count":0,"href":"https:\/\/www.europesays.com\/fr\/wp-json\/wp\/v2\/posts\/240892\/revisions"}],"wp:featuredmedia":[{"embeddable":true,"href":"https:\/\/www.europesays.com\/fr\/wp-json\/wp\/v2\/media\/240893"}],"wp:attachment":[{"href":"https:\/\/www.europesays.com\/fr\/wp-json\/wp\/v2\/media?parent=240892"}],"wp:term":[{"taxonomy":"category","embeddable":true,"href":"https:\/\/www.europesays.com\/fr\/wp-json\/wp\/v2\/categories?post=240892"},{"taxonomy":"post_tag","embeddable":true,"href":"https:\/\/www.europesays.com\/fr\/wp-json\/wp\/v2\/tags?post=240892"}],"curies":[{"name":"wp","href":"https:\/\/api.w.org\/{rel}","templated":true}]}}