{"id":240894,"date":"2025-07-10T20:44:15","date_gmt":"2025-07-10T20:44:15","guid":{"rendered":"https:\/\/www.europesays.com\/fr\/240894\/"},"modified":"2025-07-10T20:44:15","modified_gmt":"2025-07-10T20:44:15","slug":"golf-professionnel-lactu-du-7-au-13-juillet-federation-francaise-de-golf","status":"publish","type":"post","link":"https:\/\/www.europesays.com\/fr\/240894\/","title":{"rendered":"Golf professionnel : L\u2019actu du 7 au 13 juillet &#8211; F\u00e9d\u00e9ration Fran\u00e7aise de Golf"},"content":{"rendered":"<ol>\n<li><a href=\"https:\/\/news.google.com\/rss\/articles\/CBMimgFBVV95cUxNZXg4amFNenNmOVN4M0J6al9XcWZDaW1UQVVjRFlnaVVlQ0JDRWlFSElGX3JPWVN4MlVoem1XMVVnNzV6TTFBTVJCTmZCVURXX1JQTXFUazN2QWtVY3JMaHAyR0ZYT3hzX2JoRzBBVDBDMUItOEpUV04tS081U3NBUEwyNVZ3MFZzVW83MmhWTVAtNy1CWHZPajdR?oc=5\" target=\"_blank\" rel=\"nofollow noopener\">Golf professionnel : L\u2019actu du 7 au 13 juillet<\/a>&nbsp;&nbsp;F\u00e9d\u00e9ration Fran\u00e7aise de Golf<\/li>\n<li><a href=\"https:\/\/news.google.com\/rss\/articles\/CBMitwFBVV95cUxOUTFYQUdrcGc0NjhzVjNjMnpzTnY2V1NtZVlQT3pGalFSdTBWRDVDMm10cGUtZW5lZHZLemhBVmREZkNLOXM4MjNuNGFJWF82eV95WjMzdkZScWc5UUkzaXBGSl8wN1RFc2dzdWNvTjNWT0hXajk4a0hKbnpvd0dfSjE4cmRsbzF5Z28yZE56NTZLcUNEbjJjcVgycDdpSlVuUElNdmJodXB2NGZpTFRFRGU3WWhaSXM?oc=5\" target=\"_blank\" rel=\"nofollow noopener\">Victor Perez partage la t\u00eate de l&rsquo;Open d&rsquo;\u00c9cosse apr\u00e8s le premier tour<\/a>&nbsp;&nbsp;L&rsquo;\u00c9quipe<\/li>\n<li><a href=\"https:\/\/news.google.com\/rss\/articles\/CBMijAJBVV95cUxNQU95SkYzVFFWRWdSbUFJeG1WWFR2MlBNVUZzZEpnbEFXX2xYVk5tYjV2Q0hlSDk0Q3J4TXprNllPSmpHMlhnNE5Cal9JZnpRRmltTDE0MGpGekxZR1BDaWtMNjNVal9ZUVN1NENteUtJallCRUtQWHNHaUh6ajNGV0VjSEIzajNTU2szLVF5anVyVTNDVk80ODNkeXlIVkJTVzFWLV96SUZwY21LUjlwM19rZ3dkSUFsN3lNcHkwNG5nQkQxQm1mNlVzVFFKNEMwN3lmbDBJbmJMVGNjUC1LMDlPaXp4T195NkhyQ0ZEa0ZxN194Q1VfNU9GRWctTUJXQ0Z6Q3JsSXAwRWtz?oc=5\" target=\"_blank\" rel=\"nofollow noopener\">Golf. DPW Tour &#8211; Genesis Scottish Open: Victor Perez dans le quatuor de t\u00eate (-6) \u00e0 North Berwick<\/a>&nbsp;&nbsp;Ouest-France<\/li>\n<li><a href=\"https:\/\/news.google.com\/rss\/articles\/CBMiswFBVV95cUxNdXg5c2JZekFEcTJBNmI0TFhXT0xDaUpzdG1sUHZIVVNOdHkzMXB0Unk1eHVGdFJVbDZ3ckRwTE5XZEZqbGRrdGZpcVV0cGk1VnpjOUM4WWhpU2VFT0hHU1FYYXhfTTEyVEJWVmNZbi11M3oxRjJkUWk5cF9Jem5Xemo3UUhjcHU0WE8zWGx1Tmp2amZqS0o4SXdOS3ZjMkNpd3lEZkVuVFlKSXEweUh6RU03VQ?oc=5\" target=\"_blank\" rel=\"nofollow noopener\">Golf : Open d&rsquo;Ecosse, \u00e0 la tv<\/a>&nbsp;&nbsp;Linternaute.com<\/li>\n<li><a href=\"https:\/\/news.google.com\/rss\/articles\/CBMijgFBVV95cUxOTWszSzZTcWp6SXNuRVZYX2pOTlJfbjBZdm1QajU1MFFCUzR5c1IzQmtRQk5rUlpJYml4OExWaW9STUVELWxRSHIyWUdTdVI2YTFVeUlPYzZ6ZWJRMDVWLURleVFFRXpJcmtXU0xYMjkza2FKWm9PMm1FaEQwNFR3RGVXYzNJVEFlaC1pTkxB?oc=5\" target=\"_blank\" rel=\"nofollow noopener\">Pourquoi l\u2019Open d\u2019Ecosse va-t-il encore nous r\u00e9galer ?<\/a>&nbsp;&nbsp;Golf Plan\u00e8te<\/li>\n<\/ol>\n","protected":false},"excerpt":{"rendered":"Golf professionnel : L\u2019actu du 7 au 13 juillet&nbsp;&nbsp;F\u00e9d\u00e9ration Fran\u00e7aise de Golf Victor Perez partage la t\u00eate de&hellip;\n","protected":false},"author":2,"featured_media":240895,"comment_status":"","ping_status":"","sticky":false,"template":"","format":"standard","meta":{"footnotes":""},"categories":[1418],"tags":[1011,27,1472,60],"class_list":{"0":"post-240894","1":"post","2":"type-post","3":"status-publish","4":"format-standard","5":"has-post-thumbnail","7":"category-golf","8":"tag-fr","9":"tag-france","10":"tag-golf","11":"tag-sports"},"share_on_mastodon":{"url":"https:\/\/pubeurope.com\/@fr\/114830892209354030","error":""},"_links":{"self":[{"href":"https:\/\/www.europesays.com\/fr\/wp-json\/wp\/v2\/posts\/240894","targetHints":{"allow":["GET"]}}],"collection":[{"href":"https:\/\/www.europesays.com\/fr\/wp-json\/wp\/v2\/posts"}],"about":[{"href":"https:\/\/www.europesays.com\/fr\/wp-json\/wp\/v2\/types\/post"}],"author":[{"embeddable":true,"href":"https:\/\/www.europesays.com\/fr\/wp-json\/wp\/v2\/users\/2"}],"replies":[{"embeddable":true,"href":"https:\/\/www.europesays.com\/fr\/wp-json\/wp\/v2\/comments?post=240894"}],"version-history":[{"count":0,"href":"https:\/\/www.europesays.com\/fr\/wp-json\/wp\/v2\/posts\/240894\/revisions"}],"wp:featuredmedia":[{"embeddable":true,"href":"https:\/\/www.europesays.com\/fr\/wp-json\/wp\/v2\/media\/240895"}],"wp:attachment":[{"href":"https:\/\/www.europesays.com\/fr\/wp-json\/wp\/v2\/media?parent=240894"}],"wp:term":[{"taxonomy":"category","embeddable":true,"href":"https:\/\/www.europesays.com\/fr\/wp-json\/wp\/v2\/categories?post=240894"},{"taxonomy":"post_tag","embeddable":true,"href":"https:\/\/www.europesays.com\/fr\/wp-json\/wp\/v2\/tags?post=240894"}],"curies":[{"name":"wp","href":"https:\/\/api.w.org\/{rel}","templated":true}]}}