{"id":240896,"date":"2025-07-10T20:46:14","date_gmt":"2025-07-10T20:46:14","guid":{"rendered":"https:\/\/www.europesays.com\/fr\/240896\/"},"modified":"2025-07-10T20:46:14","modified_gmt":"2025-07-10T20:46:14","slug":"une-mesure-de-la-lnr-declenche-les-moqueries-des-supporters","status":"publish","type":"post","link":"https:\/\/www.europesays.com\/fr\/240896\/","title":{"rendered":"une mesure de la LNR d\u00e9clenche les moqueries des supporters"},"content":{"rendered":"<p>            Par<br \/>\n        <strong><br \/>\n            <a href=\"https:\/\/actu.fr\/auteur\/thomas-corbet-actu-fr\" title=\"Consulter tous les articles de Thomas Corbet\" rel=\"nofollow noopener\" target=\"_blank\">Thomas Corbet<\/a><br \/>\n        <\/strong><\/p>\n<p>        Publi\u00e9 le<\/p>\n<p>            10 juil. 2025 \u00e0 10h13        <\/p>\n<p>En <a href=\"https:\/\/actu.fr\/sports\/rugby\/top-14\/elles-ont-cree-des-polemiques-mathieu-raynal-reconnait-4-erreurs-d-appreciation-des-arbitres_62250644.html\" rel=\"nofollow noopener\" target=\"_blank\">r\u00e9flexion constante<\/a> afin de mieux servir le jeu, l\u2019arbitrage fran\u00e7ais, pilot\u00e9 par la FFR, va recevoir le soutien de la LNR \u00e0 partir de la saison prochaine. Celle-ci a en effet adopt\u00e9 une mesure visant \u00e0 la mise en place d\u2019une <strong>haie d\u2019honneur faite aux arbitres<\/strong> par les \u00e9quipes avant chaque match de <a href=\"https:\/\/actu.fr\/rugby\/top-14\" rel=\"nofollow noopener\" target=\"_blank\">Top 14<\/a>. Une <strong>mesure \u00e9tonnante<\/strong> qui a d\u00e9clench\u00e9 les <strong>moqueries<\/strong> des supporters.\u00a0<\/p>\n<p>Haie d\u2019honneur aux arbitres : les supporters r\u00e9agissent<\/p>\n<p class=\" wall-content\">\u00ab\u00a0L\u2019objectif est de mieux valoriser l\u2019avant-match et de marquer le respect des arbitres. Apr\u00e8s leur entr\u00e9e sur le terrain, les deux \u00e9quipes formeront \u00e0 la sortie du tunnel une haie d\u2019honneur qui accueillera les arbitres de la rencontre.\u00a0\u00bb Communiqu\u00e9 succinct, mesure explication claire, haie d\u2019honneur obligatoire avant chaque match.<\/p>\n<p class=\" wall-content\">Depuis quelques saisons, les d\u00e9rives interrogent et la d\u00e9liquescence du respect d\u00fb aux arbitres inqui\u00e8te. \u00c0 l\u2019aune de ces observations, il est difficile de nier que les intentions de la LNR sont louables. En revanche, la mesure en elle-m\u00eame a de quoi laisser perplexe.<\/p>\n<p class=\" wall-content\">Pour certains, elle revient \u00e0 mettre les arbitres sur un pi\u00e9destal alors qu\u2019ils \u00e9taient d\u00e9j\u00e0 trop intouchables, bonnes performances ou non. Pour d\u2019autre, elle est tout simplement inutile, de la poudre aux yeux, en somme.\u00a0<\/p>\n<p class=\" wall-content\">\n<p class=\" wall-content\">\n<p class=\" wall-content\">\n<p class=\" wall-content\">\n<p class=\" wall-content\">\n<p class=\" wall-content\">\n<p class=\" wall-content\">\n<p class=\" wall-content\">\n<p class=\" wall-content\">\n<p class=\" wall-content\">\n<p class=\" wall-content\">\n<p>Des supporters inquiets<\/p>\n<p class=\" wall-content\">Railleries, col\u00e8res, les r\u00e9actions sont assez contrast\u00e9es au sujet de cette haie d\u2019honneur faite aux arbitres de Top 14. Certains y voient m\u00eame une bonne chose, une mesure n\u00e9cessaire afin de remettre un peu de respect l\u00e0 o\u00f9 il commence \u00e0 manquer.\u00a0<\/p>\n<p class=\" wall-content\">\n<p class=\" wall-content\">\n<p class=\" wall-content\">Parmi ces plus mesur\u00e9s, c\u2019est n\u00e9anmoins la circonspection qui l\u2019emporte et on pr\u00e9f\u00e8rerait largement que les arbitres soient soutenus par des mesures sur leur formation ou les moyens techniques qui leurs sont donn\u00e9s. Ce qu\u2019une haie d\u2019honneur n\u2019emp\u00eache d\u2019ailleurs pas\u2026<\/p>\n<p>Vid\u00e9os : en ce moment sur Actu<\/p>\n<p class=\" wall-content\">\n<p class=\" wall-content\">\n<p class=\" wall-content\">\n<p class=\" wall-content\">Esp\u00e9rons en tout cas que ce protocole rallong\u00e9 ne soit pas l\u2019occasion d\u2019entendre les arbitres se faire siffler dans les stades de Top 14.\u00a0<\/p>\n<p class=\" wall-content\">Suivez toute l\u2019actualit\u00e9 de vos villes et m\u00e9dias favoris en vous inscrivant \u00e0 <a href=\"https:\/\/moncompte.actu.fr\" title=\"D\u00e9couvez Mon Actu\" rel=\"nofollow noopener\" data-trk=\"{&quot;cta&quot;:{&quot;action&quot;:&quot;https:\\\/\\\/moncompte.actu.fr&quot;,&quot;category&quot;:&quot;mon compte&quot;,&quot;from&quot;:&quot;article footer&quot;,&quot;name&quot;:&quot;Mon actu&quot;,&quot;type&quot;:&quot;cta&quot;}}\" target=\"_blank\">Mon Actu<\/a>.<\/p>\n","protected":false},"excerpt":{"rendered":"Par Thomas Corbet Publi\u00e9 le 10 juil. 2025 \u00e0 10h13 En r\u00e9flexion constante afin de mieux servir le&hellip;\n","protected":false},"author":2,"featured_media":240897,"comment_status":"","ping_status":"","sticky":false,"template":"","format":"standard","meta":{"footnotes":""},"categories":[1416],"tags":[1011,27,2947,479,1468,60,478],"class_list":{"0":"post-240896","1":"post","2":"type-post","3":"status-publish","4":"format-standard","5":"has-post-thumbnail","7":"category-rugby","8":"tag-fr","9":"tag-france","10":"tag-lnr","11":"tag-rugby","12":"tag-rugby-football","13":"tag-sports","14":"tag-top-14"},"share_on_mastodon":{"url":"https:\/\/pubeurope.com\/@fr\/114830900164525542","error":""},"_links":{"self":[{"href":"https:\/\/www.europesays.com\/fr\/wp-json\/wp\/v2\/posts\/240896","targetHints":{"allow":["GET"]}}],"collection":[{"href":"https:\/\/www.europesays.com\/fr\/wp-json\/wp\/v2\/posts"}],"about":[{"href":"https:\/\/www.europesays.com\/fr\/wp-json\/wp\/v2\/types\/post"}],"author":[{"embeddable":true,"href":"https:\/\/www.europesays.com\/fr\/wp-json\/wp\/v2\/users\/2"}],"replies":[{"embeddable":true,"href":"https:\/\/www.europesays.com\/fr\/wp-json\/wp\/v2\/comments?post=240896"}],"version-history":[{"count":0,"href":"https:\/\/www.europesays.com\/fr\/wp-json\/wp\/v2\/posts\/240896\/revisions"}],"wp:featuredmedia":[{"embeddable":true,"href":"https:\/\/www.europesays.com\/fr\/wp-json\/wp\/v2\/media\/240897"}],"wp:attachment":[{"href":"https:\/\/www.europesays.com\/fr\/wp-json\/wp\/v2\/media?parent=240896"}],"wp:term":[{"taxonomy":"category","embeddable":true,"href":"https:\/\/www.europesays.com\/fr\/wp-json\/wp\/v2\/categories?post=240896"},{"taxonomy":"post_tag","embeddable":true,"href":"https:\/\/www.europesays.com\/fr\/wp-json\/wp\/v2\/tags?post=240896"}],"curies":[{"name":"wp","href":"https:\/\/api.w.org\/{rel}","templated":true}]}}