{"id":240898,"date":"2025-07-10T20:47:10","date_gmt":"2025-07-10T20:47:10","guid":{"rendered":"https:\/\/www.europesays.com\/fr\/240898\/"},"modified":"2025-07-10T20:47:10","modified_gmt":"2025-07-10T20:47:10","slug":"swiatek-expedie-bencic-et-rejoint-anisimova-en-finale","status":"publish","type":"post","link":"https:\/\/www.europesays.com\/fr\/240898\/","title":{"rendered":"Swiatek exp\u00e9die Bencic et rejoint Anisimova en finale"},"content":{"rendered":"<p class=\"date\">\n                                                            Guillaume Marion, Media365, publi\u00e9 le jeudi 10 juillet 2025 \u00e0 19h10\n                                                    <\/p>\n<p>Imp\u00e9riale ce jeudi, Iga Swiatek s&rsquo;est qualifi\u00e9e avec la mani\u00e8re pour sa premi\u00e8re finale \u00e0 Wimbledon en dominant Belinda Bencic en deux sets. Samedi, la Polonaise d\u00e9fiera Amanada Anisimova et tentera de remporter son 6e titre en Grand Chelem.<\/p>\n<p>On va finir par croire qu&rsquo;une histoire d&rsquo;amour est possible entre Iga Swiatek et le gazon&#8230; En effet, imp\u00e9riale en demi-finale, la Polonaise s&rsquo;est qualifi\u00e9e pour sa premi\u00e8re finale \u00e0 Wimbledon. <strong>Oppos\u00e9e \u00e0 Belinda Bencic sur le Centre Court, la 4e mondiale n&rsquo;a pas trembl\u00e9 et s&rsquo;est impos\u00e9e avec la mani\u00e8re en deux sets (6-2, 6-0) et 1h11 de jeu.<\/strong> Cependant, si la native de Varsovie a autant survol\u00e9 les d\u00e9bats ce jeudi, la chute de la Suissesse d\u00e8s le 2e jeu a peut-\u00eatre (sans doute ?) eu un impact sur la suite de la rencontre. Car, dans la foul\u00e9e, cette derni\u00e8re a perdu son service, ce qui a donc id\u00e9alement lanc\u00e9 Swiatek dans ce match. Autoritaire, notamment sur ses mises en jeu (seulement deux balles de break \u00e0 sauver d&rsquo;entr\u00e9e de deuxi\u00e8me manche), <strong>cette derni\u00e8re a sembl\u00e9 sur un nuage et n&rsquo;a pas vraiment \u00e9t\u00e9 inqui\u00e9t\u00e9e par celle qui pointe au 35e rang du classement WTA.<\/strong> Un deuxi\u00e8me break, blanc cette fois, lui a ensuite permis d&#8217;empocher ais\u00e9ment ce premier set.<\/p>\n<p>Enfin un premier titre en 2025 pour Swiatek ?<\/p>\n<p><strong>Apr\u00e8s avoir donc d\u00fb s&#8217;employer un peu en d\u00e9but de deuxi\u00e8me manche pour ne pas perdre son service, la 4e mondiale a inflig\u00e9 un cinglant 6-0 \u00e0 son adversaire.<\/strong> Incapable de r\u00e9agir, Bencic a alors d\u00fb rendre les armes face \u00e0 la Polonaise qui n&rsquo;a laiss\u00e9 qu&rsquo;un set en route pour se qualifier pour sa premi\u00e8re finale \u00e0 Wimbledon (au 2e tour face \u00e0 l&rsquo;Am\u00e9ricaine Caty McNally). Alors qu&rsquo;elle menait 5-0 et qu&rsquo;elle venait de rater une premi\u00e8re balle de match, Swiatek a finalement termin\u00e9 le travail sur sa deuxi\u00e8me opportunit\u00e9 de conclure, sur un deuxi\u00e8me service de la Suissesse et un dernier retour gagnant. <strong>Samedi, la 4e mondiale affrontera donc Amanda Anisimova, tombeuse un peu plus t\u00f4t d&rsquo;Aryna Sabalenka, en finale et tentera de remporter son 6e titre en Grand Chelem.<\/strong> Alors qu&rsquo;elle ne r\u00e9alise jusqu&rsquo;\u00e0 pr\u00e9sent pas la meilleure saison de sa carri\u00e8re (aucun tournoi remport\u00e9 et donc la perte notamment de son titre \u00e0 Roland-Garros), la native de Varsovie pourrait en profiter pour retrouver le sourire en s&rsquo;imposant enfin sur le gazon londonien, une surface qu&rsquo;elle apprend tout juste \u00e0 aimer.<\/p>\n","protected":false},"excerpt":{"rendered":"Guillaume Marion, Media365, publi\u00e9 le jeudi 10 juillet 2025 \u00e0 19h10 Imp\u00e9riale ce jeudi, Iga Swiatek s&rsquo;est qualifi\u00e9e&hellip;\n","protected":false},"author":2,"featured_media":240899,"comment_status":"","ping_status":"","sticky":false,"template":"","format":"standard","meta":{"footnotes":""},"categories":[1415],"tags":[1011,27,60,1467],"class_list":{"0":"post-240898","1":"post","2":"type-post","3":"status-publish","4":"format-standard","5":"has-post-thumbnail","7":"category-tennis","8":"tag-fr","9":"tag-france","10":"tag-sports","11":"tag-tennis"},"share_on_mastodon":{"url":"https:\/\/pubeurope.com\/@fr\/114830904015730650","error":""},"_links":{"self":[{"href":"https:\/\/www.europesays.com\/fr\/wp-json\/wp\/v2\/posts\/240898","targetHints":{"allow":["GET"]}}],"collection":[{"href":"https:\/\/www.europesays.com\/fr\/wp-json\/wp\/v2\/posts"}],"about":[{"href":"https:\/\/www.europesays.com\/fr\/wp-json\/wp\/v2\/types\/post"}],"author":[{"embeddable":true,"href":"https:\/\/www.europesays.com\/fr\/wp-json\/wp\/v2\/users\/2"}],"replies":[{"embeddable":true,"href":"https:\/\/www.europesays.com\/fr\/wp-json\/wp\/v2\/comments?post=240898"}],"version-history":[{"count":0,"href":"https:\/\/www.europesays.com\/fr\/wp-json\/wp\/v2\/posts\/240898\/revisions"}],"wp:featuredmedia":[{"embeddable":true,"href":"https:\/\/www.europesays.com\/fr\/wp-json\/wp\/v2\/media\/240899"}],"wp:attachment":[{"href":"https:\/\/www.europesays.com\/fr\/wp-json\/wp\/v2\/media?parent=240898"}],"wp:term":[{"taxonomy":"category","embeddable":true,"href":"https:\/\/www.europesays.com\/fr\/wp-json\/wp\/v2\/categories?post=240898"},{"taxonomy":"post_tag","embeddable":true,"href":"https:\/\/www.europesays.com\/fr\/wp-json\/wp\/v2\/tags?post=240898"}],"curies":[{"name":"wp","href":"https:\/\/api.w.org\/{rel}","templated":true}]}}