{"id":240900,"date":"2025-07-10T20:49:07","date_gmt":"2025-07-10T20:49:07","guid":{"rendered":"https:\/\/www.europesays.com\/fr\/240900\/"},"modified":"2025-07-10T20:49:07","modified_gmt":"2025-07-10T20:49:07","slug":"moto-gp-vers-un-forfait-denea-bastianini-au-gp-dallemagne-en-raison-dune-appendicite-ouest-france","status":"publish","type":"post","link":"https:\/\/www.europesays.com\/fr\/240900\/","title":{"rendered":"Moto GP. Vers un forfait d&#039;Enea Bastianini au GP d&#039;Allemagne en raison d&#039;une appendicite ? &#8211; Ouest-France"},"content":{"rendered":"<ol>\n<li><a href=\"https:\/\/news.google.com\/rss\/articles\/CBMi-wFBVV95cUxNTFVEVUx0ZGpoQUpWaUZ4eVhJZ1ZoYm16SUpqZU10aS1oV3cyRmtDMGxZVzRNZVhISUFJdUNrUEpyaUw0cGFoNjByVmNvZTVIY2JKVEdnT3hnMU5Xc21oR1VZbVU0ZV9xY3ZHZjhSNFRGYm1RNDYwNll0cDVUVzdfb3FYNV9ETkZJcUFfUm54bThsQ0ZZWHBYaFcxRHQ0UnBIc0RzdVZZZTFHVWUzRXJ1cEY4U05qUjhwcHZLa25tMUlrUlJJVW1BdHJEXzh0MUdjWkVjX3pLNS1udFQyMDdhT25Wb1ZwcTRteDhURWR0NXVCWkVxaWdtUmlkUQ?oc=5\" target=\"_blank\" rel=\"nofollow noopener\">Moto GP. Vers un forfait d&rsquo;Enea Bastianini au GP d&rsquo;Allemagne en raison d&rsquo;une appendicite ?<\/a>&nbsp;&nbsp;Ouest-France<\/li>\n<li><a href=\"https:\/\/news.google.com\/rss\/articles\/CBMiyAFBVV95cUxQR2hxQlJoZmtGZVFXT0RLcFZacm1tejNvX2pKZzhYbVg1WDRtU3RGZkYyaGRyR2xzdVJkNk9pOVEwdURSY2EwUUt1NmtmMVU0R3JydUY0eGUwWkViTUhuaXRBd2xZajVpODBhTXIzai0xanVRVm5fblVIa2w1OEZ2QVpBMjNoa2pCMkc4V1liY2dtYmJsVzFMM1pVdU9RZGdVYVhOQjMyakt4alZ4dGFYZUxhS1djc2hPcC1KQm1JME5nWWdkNnVGUg?oc=5\" target=\"_blank\" rel=\"nofollow noopener\">Enea Bastianini vers un forfait pour le GP d&rsquo;Allemagne en raison d&rsquo;une appendicite<\/a>&nbsp;&nbsp;L&rsquo;\u00c9quipe<\/li>\n<li><a href=\"https:\/\/news.google.com\/rss\/articles\/CBMiigFBVV95cUxObXdWT21OVUFxMmFUdkMxeFhUYW5NOXIxcUhQZU1jZWtrcDhIVWo2akNnZHRDME41aDEta2RYckxrM2V3Rk9vZHFGZk54VjQ3MFFpdDdhME9YZ0JybUhXNE5TT0RuYmdKLW5UZnNscC1xcVQ4RUFuOWo4N05NRmR2YzFpeGhDSnl3Qmc?oc=5\" target=\"_blank\" rel=\"nofollow noopener\">Vi\u00f1ales en qu\u00eate des derniers progr\u00e8s sur la KTM<\/a>&nbsp;&nbsp;Motorsport.com<\/li>\n<li><a href=\"https:\/\/news.google.com\/rss\/articles\/CBMiwAFBVV95cUxNRXM4dDF6Z0drMy1zYlp6a2JVbTFBRmx2bFlLSTBBRzFQVDczeGpqYkJvaHVIVTN2bElQSndjYUdGZ055ZmVoVG5qdWRPazdVS3FvN2Nzc2xyTnRUVnZfRnJPQ1FJdzJ6SzRnN2c4VTFpS3ZOYldiMFUxbVVBN2VwTHljWVY4a2pBZUlnVnRpeUxfQW1pLW9SNml2R2pBcWVqanNFaEtrTVNsWU1TRDI4cVVJR2dfUlYwV2xPeDZnTjc?oc=5\" target=\"_blank\" rel=\"nofollow noopener\">MotoGP, Sachsenring : Enea Bastianini esp\u00e8re confirmer son retour en forme malgr\u00e9 une forte fi\u00e8vre<\/a>&nbsp;&nbsp;Paddock GP<\/li>\n<li><a href=\"https:\/\/news.google.com\/rss\/articles\/CBMimwFBVV95cUxOa2x1OHhoM3M2VFl4Qk9UNGNKNXFPd3MyYVp3RVNtSUhsQkhfNC1GYk5kOGFwNFIzMjlkWTFURkI3XzNJSldEQ1VQYlUtVzB6Z0c2Wk5MV2VsUFo4VVZleXAyMEJtcWtoN0hqd3R0U0RXcV9UUVVDSVl3bUhab2VpZDgzSnlFRFhnQVNUR1ZmdXYxTnhqT1pLOHZPWQ?oc=5\" target=\"_blank\" rel=\"nofollow noopener\">GP d\u2019Allemagne : Tech3 veut frapper fort au Sachsenring<\/a>&nbsp;&nbsp;Sports Auto Moto<\/li>\n<\/ol>\n","protected":false},"excerpt":{"rendered":"Moto GP. Vers un forfait d&rsquo;Enea Bastianini au GP d&rsquo;Allemagne en raison d&rsquo;une appendicite ?&nbsp;&nbsp;Ouest-France Enea Bastianini vers&hellip;\n","protected":false},"author":2,"featured_media":1445,"comment_status":"","ping_status":"","sticky":false,"template":"","format":"standard","meta":{"footnotes":""},"categories":[1413],"tags":[1011,27,1457,1456,60],"class_list":{"0":"post-240900","1":"post","2":"type-post","3":"status-publish","4":"format-standard","5":"has-post-thumbnail","7":"category-moto","8":"tag-fr","9":"tag-france","10":"tag-moto","11":"tag-motocycle","12":"tag-sports"},"share_on_mastodon":{"url":"https:\/\/pubeurope.com\/@fr\/114830911942654582","error":""},"_links":{"self":[{"href":"https:\/\/www.europesays.com\/fr\/wp-json\/wp\/v2\/posts\/240900","targetHints":{"allow":["GET"]}}],"collection":[{"href":"https:\/\/www.europesays.com\/fr\/wp-json\/wp\/v2\/posts"}],"about":[{"href":"https:\/\/www.europesays.com\/fr\/wp-json\/wp\/v2\/types\/post"}],"author":[{"embeddable":true,"href":"https:\/\/www.europesays.com\/fr\/wp-json\/wp\/v2\/users\/2"}],"replies":[{"embeddable":true,"href":"https:\/\/www.europesays.com\/fr\/wp-json\/wp\/v2\/comments?post=240900"}],"version-history":[{"count":0,"href":"https:\/\/www.europesays.com\/fr\/wp-json\/wp\/v2\/posts\/240900\/revisions"}],"wp:featuredmedia":[{"embeddable":true,"href":"https:\/\/www.europesays.com\/fr\/wp-json\/wp\/v2\/media\/1445"}],"wp:attachment":[{"href":"https:\/\/www.europesays.com\/fr\/wp-json\/wp\/v2\/media?parent=240900"}],"wp:term":[{"taxonomy":"category","embeddable":true,"href":"https:\/\/www.europesays.com\/fr\/wp-json\/wp\/v2\/categories?post=240900"},{"taxonomy":"post_tag","embeddable":true,"href":"https:\/\/www.europesays.com\/fr\/wp-json\/wp\/v2\/tags?post=240900"}],"curies":[{"name":"wp","href":"https:\/\/api.w.org\/{rel}","templated":true}]}}