{"id":240909,"date":"2025-07-10T20:55:17","date_gmt":"2025-07-10T20:55:17","guid":{"rendered":"https:\/\/www.europesays.com\/fr\/240909\/"},"modified":"2025-07-10T20:55:17","modified_gmt":"2025-07-10T20:55:17","slug":"vizille-les-amis-de-lhistoire-ont-tenu-leur-salon-du-livre","status":"publish","type":"post","link":"https:\/\/www.europesays.com\/fr\/240909\/","title":{"rendered":"Vizille. Les Amis de l\u2019histoire ont tenu leur salon du livre"},"content":{"rendered":"<p>Mercredi, la place du Ch\u00e2teau bruissait d\u2019une animation aussi joyeuse\u2026 que feutr\u00e9e. Les Amis de l\u2019histoire du pays vizillois proposaient leur 6e\u00a0 salon Histoire de livres , d\u00e9di\u00e9 \u00e0 la pr\u00e9sentation des ouvrages \u00e9crits par les adh\u00e9rents de l\u2019association. Une dizaine d\u2019entre-eux \u00e9taient ainsi pr\u00e9sents, pour valoriser les publications consacr\u00e9es aux tr\u00e9sors du pays vizillois. \u00ab\u00a0Cela va de Vizille \u00e0 la Matheysine en passant par Saint-Martin-d\u2019Uriage\u00a0\u00bb, explique Denis Bellon, pr\u00e9sident des Amis de l\u2019histoire. L\u2019occasion \u00e9galement de d\u00e9couvrir le stand de la Fondation du patrimoine, \u00e9troitement li\u00e9e au travail de l\u2019association. \u00ab\u00a0Nous avons deux souscriptions en cours\u00a0: celle de <a href=\"https:\/\/www.ledauphine.com\/culture-loisirs\/2024\/07\/25\/installation-du-nouvel-orgue-a-l-eglise-c-est-en-bonne-voie\" target=\"_blank\" rel=\"nofollow noopener\">l\u2019orgue de l\u2019\u00e9glise<\/a> s\u2019ach\u00e8ve (il sera inaugur\u00e9 bient\u00f4t), tandis que celle de la restauration de l\u2019\u00e9glise prieurale s\u2019intensifie. Sur ce dossier, nous avons besoin d\u2019une participation encore plus vaste que pour l\u2019orgue\u00a0\u00bb, insiste Denis Bellon.<\/p>\n","protected":false},"excerpt":{"rendered":"Mercredi, la place du Ch\u00e2teau bruissait d\u2019une animation aussi joyeuse\u2026 que feutr\u00e9e. Les Amis de l\u2019histoire du pays&hellip;\n","protected":false},"author":2,"featured_media":240910,"comment_status":"","ping_status":"","sticky":false,"template":"","format":"standard","meta":{"footnotes":""},"categories":[1357],"tags":[1379,1687,58,113,59,1011,27,1380,2410,2661,17481,35595],"class_list":{"0":"post-240909","1":"post","2":"type-post","3":"status-publish","4":"format-standard","5":"has-post-thumbnail","7":"category-livres","8":"tag-books","9":"tag-culture-loisirs","10":"tag-divertissement","11":"tag-edition-gresivaudan-oisans","12":"tag-entertainment","13":"tag-fr","14":"tag-france","15":"tag-livres","16":"tag-livres-bd","17":"tag-patrimoine-culturel","18":"tag-romanche","19":"tag-vizille"},"share_on_mastodon":{"url":"https:\/\/pubeurope.com\/@fr\/114830935581191135","error":""},"_links":{"self":[{"href":"https:\/\/www.europesays.com\/fr\/wp-json\/wp\/v2\/posts\/240909","targetHints":{"allow":["GET"]}}],"collection":[{"href":"https:\/\/www.europesays.com\/fr\/wp-json\/wp\/v2\/posts"}],"about":[{"href":"https:\/\/www.europesays.com\/fr\/wp-json\/wp\/v2\/types\/post"}],"author":[{"embeddable":true,"href":"https:\/\/www.europesays.com\/fr\/wp-json\/wp\/v2\/users\/2"}],"replies":[{"embeddable":true,"href":"https:\/\/www.europesays.com\/fr\/wp-json\/wp\/v2\/comments?post=240909"}],"version-history":[{"count":0,"href":"https:\/\/www.europesays.com\/fr\/wp-json\/wp\/v2\/posts\/240909\/revisions"}],"wp:featuredmedia":[{"embeddable":true,"href":"https:\/\/www.europesays.com\/fr\/wp-json\/wp\/v2\/media\/240910"}],"wp:attachment":[{"href":"https:\/\/www.europesays.com\/fr\/wp-json\/wp\/v2\/media?parent=240909"}],"wp:term":[{"taxonomy":"category","embeddable":true,"href":"https:\/\/www.europesays.com\/fr\/wp-json\/wp\/v2\/categories?post=240909"},{"taxonomy":"post_tag","embeddable":true,"href":"https:\/\/www.europesays.com\/fr\/wp-json\/wp\/v2\/tags?post=240909"}],"curies":[{"name":"wp","href":"https:\/\/api.w.org\/{rel}","templated":true}]}}