{"id":240911,"date":"2025-07-10T20:56:30","date_gmt":"2025-07-10T20:56:30","guid":{"rendered":"https:\/\/www.europesays.com\/fr\/240911\/"},"modified":"2025-07-10T20:56:30","modified_gmt":"2025-07-10T20:56:30","slug":"ou-a-ete-tournee-la-serie-avec-sara-mortensen-et-gil-alma","status":"publish","type":"post","link":"https:\/\/www.europesays.com\/fr\/240911\/","title":{"rendered":"O\u00f9 a \u00e9t\u00e9 tourn\u00e9e la s\u00e9rie avec Sara Mortensen et Gil Alma ?"},"content":{"rendered":"<p>France 3 propose ce jeudi 10 juillet 2025 de (re)voir L&rsquo;ab\u00eeme, fiction port\u00e9e par Sara Mortensen et Gil Alma, diffus\u00e9e pour la premi\u00e8re fois en f\u00e9vrier 2023. Une s\u00e9rie dont les magnifiques d\u00e9cors devraient s\u00e9duire les t\u00e9l\u00e9spectateurs&#8230;<\/p>\n<p>2 ans et demi apr\u00e8s sa diffusion en in\u00e9dit, France 3 propose, d\u00e8s ce jeudi 10 juillet, de (re)voir la s\u00e9rie <a href=\"https:\/\/www.programme-tv.net\/news\/series-tv\/319557-labime-que-vaut-la-nouvelle-miniserie-de-france-2-avec-sara-mortensen-et-gil-alma-notre-avis\/\" data-api-deeplink=\"teleloisirs:\/\/news\/319557\" target=\"_blank\" rel=\"noopener\"><b>L\u2019Ab\u00eeme<\/b><\/a><b> <\/b>(<a href=\"https:\/\/www.programme-tv.net\/news\/series-tv\/319789-labime-france-2-ce-lieu-de-tournage-qui-rappelle-a-gil-alma-ses-dernieres-vacances-avec-son-ex-femme\/\" data-api-deeplink=\"teleloisirs:\/\/news\/319789\" target=\"_blank\" rel=\"noopener\">notre avis<\/a>)<a href=\"https:\/\/www.programme-tv.net\/programme\/series-tv\/r1550148090-labime\/saisons\/1\/#24071504-labime\" target=\"_blank\" rel=\"noopener\"><b> <\/b><\/a>dans laquelle Gil Alma et Sara Mortensen &#8211; qui <a href=\"https:\/\/www.programme-tv.net\/news\/tv\/319595-on-nous-appelait-les-bonobos-sara-mortensen-se-livre-sur-ses-scenes-damour-avec-gil-alma-dans-labime-video\/\" data-api-deeplink=\"teleloisirs:\/\/news\/319595\" target=\"_blank\" rel=\"noopener\">s&rsquo;est livr\u00e9e sur les sc\u00e8nes de sexe<\/a> &#8211; se donnent la r\u00e9plique. Les deux acteurs ultra-populaires campent Elsa et Laurent Lacaze, un couple qui file le parfait amour depuis environ vingt ans. Ensemble, ils ont d&rsquo;ailleurs eu une fille, Lucie, fruit de leur relation. Mais la disparition d&rsquo;Elsa va faire voler en \u00e9clats la qui\u00e9tude de cette petite famille&#8230;<\/p>\n<p>L&rsquo;Ab\u00eeme : Gil Alma en dit plus sur les lieux de tournage de la fiction rediffus\u00e9e ce jeudi 10 juillet<\/p>\n<p>Dans une interview accord\u00e9e \u00e0 T\u00e9l\u00e9-Loisirs, Gil Alma qui <a href=\"https:\/\/www.programme-tv.net\/news\/series-tv\/319789-labime-france-2-ce-lieu-de-tournage-qui-rappelle-a-gil-alma-ses-dernieres-vacances-avec-son-ex-femme\/\" data-api-deeplink=\"teleloisirs:\/\/news\/319789\" target=\"_blank\" rel=\"noopener\">est revenu sur un lieu qui lui a rappel\u00e9 \u00e0 ses derni\u00e8res vacances avec son ex-femme<\/a> a donn\u00e9 quelques petites pr\u00e9cisions sur les d\u00e9cors utilis\u00e9s dans la s\u00e9rie\u2009de France 2 : \u00ab\u00a0La gendarmerie de Moustiers-Sainte-Marie de la fiction n\u2019en est pas du tout une\u2009! Il s\u2019agit en r\u00e9alit\u00e9 de l\u2019office du tourisme de la ville.\u00a0\u00bb L\u2019acteur a d\u2019ailleurs f\u00e9licit\u00e9 le r\u00e9alisateur pour le choix des lieux de tournage\u2009: \u00ab\u00a0Chapeau \u00e0 Fran\u00e7ois Velle, le r\u00e9alisateur, qui veut avoir des d\u00e9cors que l\u2019on ne voit nulle part ailleurs. La Poudrerie c\u2019\u00e9tait le cas. M\u00eame si on a tourn\u00e9 dans la poussi\u00e8re et que tout le monde \u00e9tait courb\u00e9 \u2013 parce qu\u2019il faut le faire emmener toute une \u00e9quipe l\u00e0-dedans, dans les tunnels\u2026 \u2013 c\u2019\u00e9tait chouette.\u00a0\u00bb a d\u00e9clar\u00e9 le com\u00e9dien.<\/p>\n<p>                        L&rsquo;Ab\u00eeme : O\u00f9 a \u00e9t\u00e9 tourn\u00e9e la s\u00e9rie avec Sara Mortensen et Gil Alma ?<\/p>\n<p>Cap sur Saint-Chamas, dans les Bouches-du-Rh\u00f4ne, son pont de l\u2019Horloge suspendu au-dessus de la ville, habituellement inaccessible mais ouvert \u00e0 l\u2019\u00e9quipe du tournage, et sa Poudrerie royale, o\u00f9 \u00e9taient fabriqu\u00e9es cartouches et munitions. Le ch\u00e2teau de Calissanne et son parc aux allures de Grand Canyon ont servi de cadre au domaine familial. Sans oublier le village de Moustiers-Sainte-Marie, o\u00f9 vit paisiblement cette sympathique famille avant qu&rsquo;elle n&rsquo;explose. Quant au lac turquoise bord\u00e9 de sable blanc dont les vues a\u00e9riennes invitent au voyage, il s\u2019agit du lac de Sainte-Croix dans les gorges du Verdon.<\/p>\n","protected":false},"excerpt":{"rendered":"France 3 propose ce jeudi 10 juillet 2025 de (re)voir L&rsquo;ab\u00eeme, fiction port\u00e9e par Sara Mortensen et Gil&hellip;\n","protected":false},"author":2,"featured_media":240912,"comment_status":"","ping_status":"","sticky":false,"template":"","format":"standard","meta":{"footnotes":""},"categories":[1356],"tags":[244,58,59,1011,27,594,38045,38048,38046,38047,22200,252,1364],"class_list":{"0":"post-240911","1":"post","2":"type-post","3":"status-publish","4":"format-standard","5":"has-post-thumbnail","7":"category-television","8":"tag-commentaire","9":"tag-divertissement","10":"tag-entertainment","11":"tag-fr","12":"tag-france","13":"tag-france-2","14":"tag-gil-alma","15":"tag-labu00eeme","16":"tag-labu00eeme-08022023-211000-france-2","17":"tag-labu00eeme-08022023-220000-france-2","18":"tag-sara-mortensen","19":"tag-television","20":"tag-tv"},"share_on_mastodon":{"url":"https:\/\/pubeurope.com\/@fr\/114830939519532666","error":""},"_links":{"self":[{"href":"https:\/\/www.europesays.com\/fr\/wp-json\/wp\/v2\/posts\/240911","targetHints":{"allow":["GET"]}}],"collection":[{"href":"https:\/\/www.europesays.com\/fr\/wp-json\/wp\/v2\/posts"}],"about":[{"href":"https:\/\/www.europesays.com\/fr\/wp-json\/wp\/v2\/types\/post"}],"author":[{"embeddable":true,"href":"https:\/\/www.europesays.com\/fr\/wp-json\/wp\/v2\/users\/2"}],"replies":[{"embeddable":true,"href":"https:\/\/www.europesays.com\/fr\/wp-json\/wp\/v2\/comments?post=240911"}],"version-history":[{"count":0,"href":"https:\/\/www.europesays.com\/fr\/wp-json\/wp\/v2\/posts\/240911\/revisions"}],"wp:featuredmedia":[{"embeddable":true,"href":"https:\/\/www.europesays.com\/fr\/wp-json\/wp\/v2\/media\/240912"}],"wp:attachment":[{"href":"https:\/\/www.europesays.com\/fr\/wp-json\/wp\/v2\/media?parent=240911"}],"wp:term":[{"taxonomy":"category","embeddable":true,"href":"https:\/\/www.europesays.com\/fr\/wp-json\/wp\/v2\/categories?post=240911"},{"taxonomy":"post_tag","embeddable":true,"href":"https:\/\/www.europesays.com\/fr\/wp-json\/wp\/v2\/tags?post=240911"}],"curies":[{"name":"wp","href":"https:\/\/api.w.org\/{rel}","templated":true}]}}