{"id":240925,"date":"2025-07-10T21:04:11","date_gmt":"2025-07-10T21:04:11","guid":{"rendered":"https:\/\/www.europesays.com\/fr\/240925\/"},"modified":"2025-07-10T21:04:11","modified_gmt":"2025-07-10T21:04:11","slug":"nouvelles-frappes-russes-sur-kyiv-hecatombe-parmi-les-civils-en-juin-rencontres-diplomatiques-lactu-de-la-guerre-en-ukraine-ce-jeudi-10-juillet-liberation","status":"publish","type":"post","link":"https:\/\/www.europesays.com\/fr\/240925\/","title":{"rendered":"Nouvelles frappes russes sur Kyiv, h\u00e9catombe parmi les civils en juin, rencontres diplomatiques\u2026 L\u2019actu de la guerre en Ukraine ce jeudi 10\u00a0juillet \u2013 Lib\u00e9ration"},"content":{"rendered":"<p class=\"sc-ksZaOG ehjQrN text-element\">Une nuit interminable. Pendant \u00abpr\u00e8s de dix heures\u00bb selon les autorit\u00e9s locales, 400 drones et missiles lanc\u00e9s par la Russie se sont abattus sur Kyiv, du mercredi 9 au jeudi 10 juillet. <a href=\"https:\/\/www.liberation.fr\/international\/europe\/guerre-en-ukraine-la-russie-intensifie-ses-attaques-20250709_DP2D3BXYONHDBN3HY7G5EJJNFQ\/\" target=\"_blank\" rel=\"noreferrer nofollow noopener\" title=\"https:\/\/www.liberation.fr\/international\/europe\/guerre-en-ukraine-la-russie-intensifie-ses-attaques-20250709_DP2D3BXYONHDBN3HY7G5EJJNFQ\/\">Cette nouvelle attaque sur la capitale ukrainienne<\/a>, qualifi\u00e9e de \u00abmassive\u00bb par Volodymyr Zelensky, a fait au moins 2 morts et 13 bless\u00e9s. Les forces russes ont cibl\u00e9 six districts de la ville. Les frappes ou les d\u00e9bris des missiles et drones intercept\u00e9s ont notamment touch\u00e9 des immeubles r\u00e9sidentiels, des v\u00e9hicules, des entrep\u00f4ts et des immeubles de bureaux, selon les autorit\u00e9s locales.<\/p>\n<p class=\"sc-ksZaOG ehjQrN text-element\">\u00abIl s\u2019agit clairement <a href=\"https:\/\/www.liberation.fr\/international\/europe\/il-avait-un-coeur-tres-doux-a-kyiv-le-douloureux-deuil-des-adolescents-20250702_OG4TFZSPOJCGRIRGYSQZE25ACA\/\" target=\"_blank\" rel=\"noreferrer nofollow noopener\" title=\"https:\/\/www.liberation.fr\/international\/europe\/il-avait-un-coeur-tres-doux-a-kyiv-le-douloureux-deuil-des-adolescents-20250702_OG4TFZSPOJCGRIRGYSQZE25ACA\/\">d\u2019une escalade de la terreur<\/a> de la part de la Russie\u00bb, a d\u00e9plor\u00e9 le pr\u00e9sident ukrainien Volodymyr Zelensky sur les r\u00e9seaux sociaux. \u00abLes sanctions doivent \u00eatre impos\u00e9es plus rapidement et la pression sur la Russie doit \u00eatre suffisamment forte pour qu\u2019elle ressente v\u00e9ritablement les cons\u00e9quences de sa terreur\u00bb, a-t-il ajout\u00e9.<\/p>\n<p class=\"sc-ksZaOG ehjQrN text-element\">Cette attaque s\u2019inscrit dans la phase <a href=\"https:\/\/www.liberation.fr\/international\/europe\/guerre-en-ukraine-washington-regarde-ailleurs-et-moscou-frappe-toujours-plus-20250702_6DZ5BK65Y5GZDEIDN5BVES7YLA\/\" target=\"_blank\" rel=\"noreferrer nofollow noopener\" title=\"https:\/\/www.liberation.fr\/international\/europe\/guerre-en-ukraine-washington-regarde-ailleurs-et-moscou-frappe-toujours-plus-20250702_6DZ5BK65Y5GZDEIDN5BVES7YLA\/\">d\u2019intensification des offensives russes<\/a> de ces derniers jours. La nuit pr\u00e9c\u00e9dente, la Russie avait lanc\u00e9 sa plus grande attaque a\u00e9rienne depuis le d\u00e9but de l\u2019invasion en f\u00e9vrier 2022, avec 728 drones et 13 missiles dont la quasi-majorit\u00e9 a \u00e9t\u00e9 intercept\u00e9e. Des attaques qui ne bouleversent pas les lignes de front mais qui seront le sujet des r\u00e9unions internationales pr\u00e9vues ce jeudi.<\/p>\n<p class=\"sc-ksZaOG ehjQrN text-element\">Le nombre <a href=\"https:\/\/www.liberation.fr\/international\/europe\/a-soumy-en-ukraine-langoisse-de-la-proximite-du-front-les-russes-veulent-detruire-la-ville-de-notre-enfance-la-ou-on-puise-notre-force-20250622_BHKT76AFZ5E4FJHFMXAKO7SHH4\/\" target=\"_blank\" rel=\"noreferrer nofollow noopener\" title=\"https:\/\/www.liberation.fr\/international\/europe\/a-soumy-en-ukraine-langoisse-de-la-proximite-du-front-les-russes-veulent-detruire-la-ville-de-notre-enfance-la-ou-on-puise-notre-force-20250622_BHKT76AFZ5E4FJHFMXAKO7SHH4\/\">de victimes civiles en Ukraine<\/a> a atteint en juin un record mensuel depuis trois ans, a annonc\u00e9 ce jeudi une mission de l\u2019ONU, au moment o\u00f9 la Russie intensifie ses frappes contre ce pays. \u00abLe mois de juin a enregistr\u00e9 le plus grand nombre de victimes civiles en trois ans, avec 232 morts et 1 343 bless\u00e9s\u00bb, a fait savoir la mission de l\u2019ONU de surveillance des droits de l\u2019homme en Ukraine, dans un communiqu\u00e9.<\/p>\n<p class=\"sc-ksZaOG ehjQrN text-element\">Le secr\u00e9taire d\u2019Etat am\u00e9ricain Marco Rubio doit rencontrer dans la journ\u00e9e son homologue russe Sergue\u00ef Lavrov en marge de la r\u00e9union des chefs de diplomatie des pays d\u2019Asie du Sud-Est \u00e0 Kuala Lumpur. Le pr\u00e9sident am\u00e9ricain Donald Trump a annonc\u00e9 lundi vouloir envoyer<a href=\"https:\/\/www.liberation.fr\/international\/amerique\/guerre-en-ukraine-donald-trump-dit-quil-va-envoyer-plus-darmes-defensives-a-kyiv-20250708_JGCY6I4ZSBHURJJY2PQSWICRVY\/\" target=\"_blank\" rel=\"nofollow noopener\" title=\"https:\/\/www.liberation.fr\/international\/amerique\/guerre-en-ukraine-donald-trump-dit-quil-va-envoyer-plus-darmes-defensives-a-kyiv-20250708_JGCY6I4ZSBHURJJY2PQSWICRVY\/\"> \u00abplus d\u2019armes\u00bb \u00e0 Kyiv, principalement \u00abd\u00e9fensives\u00bb<\/a>, et accus\u00e9 le lendemain Vladimir Poutine de <a href=\"https:\/\/www.liberation.fr\/international\/amerique\/trump-accuse-poutine-de-dire-beaucoup-de-conneries-sur-lukraine-et-laisse-planer-le-doute-sur-de-nouvelles-sanctions-20250709_NPNWS7NQS5HAXN3FNFAFCVJA6U\/\" target=\"_blank\" rel=\"noreferrer nofollow noopener\" title=\"https:\/\/www.liberation.fr\/international\/amerique\/trump-accuse-poutine-de-dire-beaucoup-de-conneries-sur-lukraine-et-laisse-planer-le-doute-sur-de-nouvelles-sanctions-20250709_NPNWS7NQS5HAXN3FNFAFCVJA6U\/\">dire des \u00abconneries\u00bb sur l\u2019Ukraine<\/a>, tout en laissant entendre qu\u2019il souhaitant imposer de nouvelles sanctions \u00e0 la Russie.<\/p>\n<p class=\"sc-ksZaOG ehjQrN text-element\">C\u00f4t\u00e9 europ\u00e9en, <a href=\"https:\/\/www.liberation.fr\/international\/europe\/sur-le-nucleaire-et-les-missiles-la-france-et-le-royaume-uni-renforcent-encore-leur-alliance-militaire-20250710_7X23Q7FZB5G4POBIZGY2WEVTCQ\/\" target=\"_blank\" rel=\"noreferrer nofollow noopener\" title=\"https:\/\/www.liberation.fr\/international\/europe\/sur-le-nucleaire-et-les-missiles-la-france-et-le-royaume-uni-renforcent-encore-leur-alliance-militaire-20250710_7X23Q7FZB5G4POBIZGY2WEVTCQ\/\">Emmanuel Macron et le Premier ministre britannique Keir Starmer<\/a> ont pr\u00e9sid\u00e9 ce jeudi une r\u00e9union en visioconf\u00e9rence de la \u00abcoalition des volontaires\u00bb, que Paris et Londres ont lanc\u00e9e d\u00e9but 2025, et qui r\u00e9unit une trentaine de pays engag\u00e9s dans le renforcement des capacit\u00e9s de d\u00e9fense de l\u2019Ukraine et dans la garantie d\u2019un futur cessez-le-feu entre Kiev et Moscou.<\/p>\n<p class=\"sc-ksZaOG ehjQrN text-element\">La France et la Grande Bretagne veulent notamment faire de la force exp\u00e9ditionnaire conjointe franco-britannique, cr\u00e9\u00e9e par les accords de Lancaster House de 2010, le \u00absocle\u00bb de <a href=\"https:\/\/www.liberation.fr\/international\/europe\/guerre-en-ukraine-le-premier-ministre-britannique-keir-starmer-essaie-de-betonner-la-coalition-des-volontaires-20250315_AFN6GJ76UNECXNLD7CVYYYZDPA\/?redirected=1\" target=\"_blank\" rel=\"noreferrer nofollow noopener\" title=\"https:\/\/www.liberation.fr\/international\/europe\/guerre-en-ukraine-le-premier-ministre-britannique-keir-starmer-essaie-de-betonner-la-coalition-des-volontaires-20250315_AFN6GJ76UNECXNLD7CVYYYZDPA\/?redirected=1\">la \u00abcoalition des volontaires\u00bb<\/a>. Cette force, qui a vocation \u00e0 \u00eatre d\u00e9ploy\u00e9e en Ukraine une fois un cessez-le-feu en place, mobilisera davantage de troupes \u2013\u00a0jusqu\u2019\u00e0 un corps d\u2019arm\u00e9e, soit 40 000 hommes\u00a0\u2013 et pourra s\u2019\u00e9largir \u00e0 d\u2019autres partenaires que la France et l\u2019Allemagne, selon l\u2019Elys\u00e9e.<\/p>\n<p class=\"sc-ksZaOG ehjQrN text-element\">Keir Starmer et Emmanuel Macron ont ainsi appel\u00e9 jeudi \u00e0 accro\u00eetre \u00abla pression\u00bb sur la Russie pour obtenir un cessez-le-feu en Ukraine. \u00abNous avons un plan qui est pr\u00eat \u00e0 \u00eatre mis en \u0153uvre et \u00e0 \u00eatre lanc\u00e9 dans les heures suivant [la signature d\u2019]un cessez-le-feu\u00bb, a d\u00e9clar\u00e9 Emmanuel Macron. \u00abLes plans sont pr\u00eats et nous les inscrivons dans une perspective de long terme, avec un nouveau quartier g\u00e9n\u00e9ral \u00e0 Paris, qui est d\u00e9j\u00e0 op\u00e9rationnel, et qui finalise les structures de commandement et de contr\u00f4le\u00bb, en coordination avec Kiev, a rench\u00e9ri Keir Starmer. Ce quartier g\u00e9n\u00e9ral de la coalition des volontaires, sera transf\u00e9r\u00e9 au bout de douze mois \u00e0 Londres, a pr\u00e9cis\u00e9 Downing Street dans un communiqu\u00e9.<\/p>\n<p class=\"sc-ksZaOG ehjQrN text-element\"><b>Mise \u00e0 jour <\/b>\u00e0 17 h 53, avec l\u2019ajout des annonces apr\u00e8s la r\u00e9union de la coalition des volontaires. <\/p>\n","protected":false},"excerpt":{"rendered":"Une nuit interminable. Pendant \u00abpr\u00e8s de dix heures\u00bb selon les autorit\u00e9s locales, 400 drones et missiles lanc\u00e9s par&hellip;\n","protected":false},"author":2,"featured_media":240926,"comment_status":"","ping_status":"","sticky":false,"template":"","format":"standard","meta":{"footnotes":""},"categories":[5],"tags":[11,1011,27,14,12,132,220,297,28],"class_list":{"0":"post-240925","1":"post","2":"type-post","3":"status-publish","4":"format-standard","5":"has-post-thumbnail","7":"category-international","8":"tag-actualites","9":"tag-fr","10":"tag-france","11":"tag-international","12":"tag-news","13":"tag-russie","14":"tag-ukraine","15":"tag-ukraine-la-crise","16":"tag-world"},"share_on_mastodon":{"url":"https:\/\/pubeurope.com\/@fr\/114830970901338775","error":""},"_links":{"self":[{"href":"https:\/\/www.europesays.com\/fr\/wp-json\/wp\/v2\/posts\/240925","targetHints":{"allow":["GET"]}}],"collection":[{"href":"https:\/\/www.europesays.com\/fr\/wp-json\/wp\/v2\/posts"}],"about":[{"href":"https:\/\/www.europesays.com\/fr\/wp-json\/wp\/v2\/types\/post"}],"author":[{"embeddable":true,"href":"https:\/\/www.europesays.com\/fr\/wp-json\/wp\/v2\/users\/2"}],"replies":[{"embeddable":true,"href":"https:\/\/www.europesays.com\/fr\/wp-json\/wp\/v2\/comments?post=240925"}],"version-history":[{"count":0,"href":"https:\/\/www.europesays.com\/fr\/wp-json\/wp\/v2\/posts\/240925\/revisions"}],"wp:featuredmedia":[{"embeddable":true,"href":"https:\/\/www.europesays.com\/fr\/wp-json\/wp\/v2\/media\/240926"}],"wp:attachment":[{"href":"https:\/\/www.europesays.com\/fr\/wp-json\/wp\/v2\/media?parent=240925"}],"wp:term":[{"taxonomy":"category","embeddable":true,"href":"https:\/\/www.europesays.com\/fr\/wp-json\/wp\/v2\/categories?post=240925"},{"taxonomy":"post_tag","embeddable":true,"href":"https:\/\/www.europesays.com\/fr\/wp-json\/wp\/v2\/tags?post=240925"}],"curies":[{"name":"wp","href":"https:\/\/api.w.org\/{rel}","templated":true}]}}