{"id":240929,"date":"2025-07-10T21:06:21","date_gmt":"2025-07-10T21:06:21","guid":{"rendered":"https:\/\/www.europesays.com\/fr\/240929\/"},"modified":"2025-07-10T21:06:21","modified_gmt":"2025-07-10T21:06:21","slug":"washington-reprend-la-livraison-de-certaines-armes","status":"publish","type":"post","link":"https:\/\/www.europesays.com\/fr\/240929\/","title":{"rendered":"Washington reprend la livraison de certaines armes"},"content":{"rendered":"<p>Donald Trump avait annul\u00e9 un important envoi de munitions la semaine derni\u00e8re. Entretemps, il s\u2019est dit \u00abtr\u00e8s m\u00e9content\u00bb des n\u00e9gociations avec Vladimir Poutine.<\/p>\n<p class=\"fig-paragraph\">Donald Trump fait \u00e0 nouveau volte-face. Des obus de 155mm (standard Otan) et des missiles GMLRS ( Guided Multiple Launch Rocket System) utilis\u00e9s par les lance-roquettes multiples M270 vont \u00eatre livr\u00e9s \u00e0 l\u2019Ukraine,\u00a0<a href=\"https:\/\/www.reuters.com\/business\/aerospace-defense\/us-military-delivering-some-weapons-ukraine-after-pause-2025-07-09\/\" target=\"_blank\" rel=\"sponsored noopener nofollow\" data-gtm-custom-categorie=\"navigation\" data-gtm-custom-action=\"crossclick\" data-gtm-custom-label=\"Contextuel\" data-gtm-event=\"customEventSPE\">selon Reuters qui cite<\/a>\u00a0deux hauts responsables am\u00e9ricains ce mercredi. Ceux-ci n\u2019ont pas pr\u00e9cis\u00e9 le nombre de munitions envoy\u00e9es. De fa\u00e7on inattendue, le pr\u00e9sident am\u00e9ricain avait annul\u00e9, la semaine derni\u00e8re, une livraison d\u2019armement. Elle contenait 30 missiles Patriot (de d\u00e9fense a\u00e9rienne), 8500 obus de 155 mm, plus de 250 missiles pour les GMLRS et 142 missiles air-sol Hellfire.<\/p>\n<p class=\"fig-paragraph\">\u00abCette d\u00e9cision a \u00e9t\u00e9 prise pour mettre les int\u00e9r\u00eats de l\u2019Am\u00e9rique en premier, \u00e0 la suite d\u2019un passage en revue, par le minist\u00e8re de la d\u00e9fense, de l\u2019aide militaire de notre nation \u00e0 d\u2019autres pays \u00e0 travers le monde\u00bb, avait justifi\u00e9 une porte-parole de la Maison-Blanche le 2 juillet. \u00abD\u2019apr\u00e8s ce que nous comprenons, cette d\u00e9cision a \u00e9t\u00e9 motiv\u00e9e par (\u2026) un manque d\u2019armes dans les entrep\u00f4ts. Mais, quoi qu\u2019il en soit, moins il y a d\u2019armes fournies \u00e0 l\u2019Ukraine, plus la fin de \u2019l\u2019op\u00e9ration militaire sp\u00e9ciale\u2019 est proche\u00bb, s\u2019\u00e9tait imm\u00e9diatement r\u00e9joui Dmitri Peskov, porte-parole du Kremlin.<\/p>\n<p>                                    <a class=\"fig-a11y-skip a11y-hidden\" href=\"#fig-a11y-skip-main-inarticle\"><br \/>\n        Passer la publicit\u00e9<br \/>\n    <\/a><\/p>\n<p class=\"fig-paragraph\">Cette \u00abpause\u00bb s\u2019inscrit dans le cadre de n\u00e9gociations russo-am\u00e9ricaines autour de la guerre d\u2019Ukraine. D\u00e8s son retour au pouvoir, Donald Trump avait promis de r\u00e9soudre le conflit en 48h, puis en 100 jours. Las, les d\u00e9saccords ont persist\u00e9. Moscou exige l\u2019abandon par l\u2019Ukraine de cinq oblasts pour partie conquis\u00a0: la Crim\u00e9e, Zaporijjia, Kherson, Louhansk et Donetsk. En sus, Kiev doit s\u2019engager \u00e0 ne pas entrer dans l\u2019Otan et \u00e0 disposer d\u2019une arm\u00e9e r\u00e9duite. Jusqu\u2019alors aucun accord n\u2019a \u00e9t\u00e9 atteint. Quelques \u00e9changes de prisonniers ont cependant eu lieu. En d\u00e9but de semaine,\u00a0<a href=\"http:\/\/www.lefigaro.fr\/flash-actu\/tres-mecontent-de-son-appel-avec-vladimir-poutine-sur-l-ukraine-il-evoque-un-durcissement-des-sanctions-20250705\" data-fig-type=\"NewsFlash\" data-gtm-custom-categorie=\"navigation\" data-gtm-custom-action=\"crossclick\" data-gtm-custom-label=\"Contextuel\" data-gtm-event=\"customEventSPE\" data-fig-domain=\"LEFIGARO\" rel=\"nofollow noopener\" target=\"_blank\">le pr\u00e9sident am\u00e9ricain s\u2019est dit \u00abtr\u00e8s m\u00e9content\u00bb<\/a> \u00a0de la tournure des n\u00e9gociations, accusant son homologue russe de \u00abdire beaucoup de conneries\u00bb.<\/p>\n<p>Washington, premier partenaire militaire de l\u2019Ukraine<\/p>\n<p class=\"fig-paragraph\">\u00abNous allons devoir envoyer plus d\u2019armes, principalement des armes d\u00e9fensives\u00bb, avait-il ajout\u00e9 lundi. Il a m\u00eame laiss\u00e9 entendre \u00eatre pr\u00eat \u00e0 durcir les sanctions \u00e0 l\u2019\u00e9gard de la Russie. Volodymyr Zelensky s\u2019est entretenu vendredi avec le pr\u00e9sident am\u00e9ricain et assur\u00e9 que ce dernier est pr\u00eat \u00e0 \u00abrenforcer la protection\u00bb du ciel ukrainien. Dix syst\u00e8mes Patriot auraient \u00e9t\u00e9 promis,\u00a0<a href=\"https:\/\/www.axios.com\/2025\/07\/08\/trump-patriot-missiles-ukraine-germany\" target=\"_blank\" rel=\"sponsored noopener nofollow\" data-gtm-custom-categorie=\"navigation\" data-gtm-custom-action=\"crossclick\" data-gtm-custom-label=\"Contextuel\" data-gtm-event=\"customEventSPE\">selon le site bien inform\u00e9 Axios<\/a> . L\u2019Allemagne s\u2019engagerait \u00e9galement \u00e0 acheter ces armes pour les livrer \u00e0 Kiev. Mardi, le pr\u00e9sident ukrainien a \u00abcharg\u00e9\u00bb son ministre de la D\u00e9fense et le chef d\u2019\u00e9tat-major de l\u2019arm\u00e9e d\u2019\u00abintensifier tous les contacts avec la partie am\u00e9ricaine\u00bb au sujet de la livraison de syst\u00e8mes de d\u00e9fense antia\u00e9rienne.<\/p>\n<p class=\"fig-paragraph\">Les \u00c9tats-Unis livrent r\u00e9guli\u00e8rement des armements \u00e0 l\u2019Ukraine. Pr\u00e8s de 64,6 milliards de dollars ont \u00e9t\u00e9 allou\u00e9s \u00e0 Kiev depuis le d\u00e9but de l\u2019invasion \u00e0 grande \u00e9chelle, le 24 f\u00e9vrier 2022,\u00a0<a href=\"https:\/\/www.ifw-kiel.de\/topics\/war-against-ukraine\/ukraine-support-tracker\/\" target=\"_blank\" rel=\"sponsored noopener nofollow\" data-gtm-custom-categorie=\"navigation\" data-gtm-custom-action=\"crossclick\" data-gtm-custom-label=\"Contextuel\" data-gtm-event=\"customEventSPE\">selon le Kiel Institute qui les recense<\/a>. Sur le terrain, pourtant, l\u2019arm\u00e9e russe poursuit sa lente progression. Elle a annonc\u00e9 avoir conquis,\u00a0<a href=\"http:\/\/www.lefigaro.fr\/international\/guerre-en-ukraine-les-russes-revendiquent-pour-la-premiere-fois-la-prise-d-une-localite-dans-la-region-de-dnipro-20250707\" target=\"_blank\" data-fig-type=\"NewsFlash\" rel=\"noopener nofollow\" data-gtm-custom-categorie=\"navigation\" data-gtm-custom-action=\"crossclick\" data-gtm-custom-label=\"Contextuel\" data-gtm-event=\"customEventSPE\" data-fig-domain=\"LEFIGARO\">pour la premi\u00e8re fois<\/a>, un village dans l\u2019oblast de Dnipro ce lundi. Si celui-ci ne fait pas partie des oblasts revendiqu\u00e9s, Vladimir Poutine s\u2019\u00e9tait montr\u00e9 clair le 20 juin\u00a0: \u00abL\u00e0 o\u00f9 un soldat russe met un pied, cela nous appartient\u00bb.<\/p>\n","protected":false},"excerpt":{"rendered":"Donald Trump avait annul\u00e9 un important envoi de munitions la semaine derni\u00e8re. Entretemps, il s\u2019est dit \u00abtr\u00e8s m\u00e9content\u00bb&hellip;\n","protected":false},"author":2,"featured_media":240930,"comment_status":"","ping_status":"","sticky":false,"template":"","format":"standard","meta":{"footnotes":""},"categories":[2],"tags":[11,1011,27,131,12],"class_list":{"0":"post-240929","1":"post","2":"type-post","3":"status-publish","4":"format-standard","5":"has-post-thumbnail","7":"category-actualites","8":"tag-actualites","9":"tag-fr","10":"tag-france","11":"tag-guerre-en-ukraine","12":"tag-news"},"share_on_mastodon":{"url":"https:\/\/pubeurope.com\/@fr\/114830978794869914","error":""},"_links":{"self":[{"href":"https:\/\/www.europesays.com\/fr\/wp-json\/wp\/v2\/posts\/240929","targetHints":{"allow":["GET"]}}],"collection":[{"href":"https:\/\/www.europesays.com\/fr\/wp-json\/wp\/v2\/posts"}],"about":[{"href":"https:\/\/www.europesays.com\/fr\/wp-json\/wp\/v2\/types\/post"}],"author":[{"embeddable":true,"href":"https:\/\/www.europesays.com\/fr\/wp-json\/wp\/v2\/users\/2"}],"replies":[{"embeddable":true,"href":"https:\/\/www.europesays.com\/fr\/wp-json\/wp\/v2\/comments?post=240929"}],"version-history":[{"count":0,"href":"https:\/\/www.europesays.com\/fr\/wp-json\/wp\/v2\/posts\/240929\/revisions"}],"wp:featuredmedia":[{"embeddable":true,"href":"https:\/\/www.europesays.com\/fr\/wp-json\/wp\/v2\/media\/240930"}],"wp:attachment":[{"href":"https:\/\/www.europesays.com\/fr\/wp-json\/wp\/v2\/media?parent=240929"}],"wp:term":[{"taxonomy":"category","embeddable":true,"href":"https:\/\/www.europesays.com\/fr\/wp-json\/wp\/v2\/categories?post=240929"},{"taxonomy":"post_tag","embeddable":true,"href":"https:\/\/www.europesays.com\/fr\/wp-json\/wp\/v2\/tags?post=240929"}],"curies":[{"name":"wp","href":"https:\/\/api.w.org\/{rel}","templated":true}]}}