{"id":240931,"date":"2025-07-10T21:07:14","date_gmt":"2025-07-10T21:07:14","guid":{"rendered":"https:\/\/www.europesays.com\/fr\/240931\/"},"modified":"2025-07-10T21:07:14","modified_gmt":"2025-07-10T21:07:14","slug":"saint-etienne-beaubrun-un-pavillon-muqarnas-ou-nid-a-deux-faces-en-construction-au-parc-explora","status":"publish","type":"post","link":"https:\/\/www.europesays.com\/fr\/240931\/","title":{"rendered":"Saint-\u00c9tienne\/Beaubrun. Un pavillon muqarnas ou nid \u00e0 deux faces en construction au Parc Explora"},"content":{"rendered":"<p>                            En quoi consiste le projet muqarnas\u00a0?<\/p>\n<p>Le projet muqarnas est la construction d\u2019un pavillon nomm\u00e9 \u00ab\u00a0le nid \u00e0 deux faces\u00a0\u00bb. Ce pavillon a une double fonction. Il y a une face ludique et p\u00e9dagogique pour les enfants car il est con\u00e7u comme un lieu d\u2019apprentissage et de d\u00e9couverte pour explorer les principes architecturaux de ces constructions en forme de nid d\u2019abeilles\u00a0; l\u2019autre phase est scientifique, destin\u00e9e \u00e0 la faune locale car\u00a0il offre un habitat pour les oiseaux, insectes et rongeurs, int\u00e9grant ainsi une dimension \u00e9cologique et de biodiversit\u00e9.<\/p>\n<p>Cet ensemble a \u00e9t\u00e9 con\u00e7u par l\u2019agence New South, la mise en \u0153uvre du pavillon et sa phase de construction sont pilot\u00e9es par Natacha&#8230;<\/p>\n","protected":false},"excerpt":{"rendered":"En quoi consiste le projet muqarnas\u00a0? Le projet muqarnas est la construction d\u2019un pavillon nomm\u00e9 \u00ab\u00a0le nid \u00e0&hellip;\n","protected":false},"author":2,"featured_media":240932,"comment_status":"","ping_status":"","sticky":false,"template":"","format":"standard","meta":{"footnotes":""},"categories":[9653],"tags":[1111,11,2430,1687,7539,1777,674,1011,27,12,2661,25,4001,7538],"class_list":{"0":"post-240931","1":"post","2":"type-post","3":"status-publish","4":"format-standard","5":"has-post-thumbnail","7":"category-saint-etienne","8":"tag-actu","9":"tag-actualites","10":"tag-auvergne-rhone-alpes","11":"tag-culture-loisirs","12":"tag-edition-loire-sud","13":"tag-eu","14":"tag-europe","15":"tag-fr","16":"tag-france","17":"tag-news","18":"tag-patrimoine-culturel","19":"tag-republique-francaise","20":"tag-saint-etienne","21":"tag-saint-etienne-ville"},"share_on_mastodon":{"url":"https:\/\/pubeurope.com\/@fr\/114830982731940432","error":""},"_links":{"self":[{"href":"https:\/\/www.europesays.com\/fr\/wp-json\/wp\/v2\/posts\/240931","targetHints":{"allow":["GET"]}}],"collection":[{"href":"https:\/\/www.europesays.com\/fr\/wp-json\/wp\/v2\/posts"}],"about":[{"href":"https:\/\/www.europesays.com\/fr\/wp-json\/wp\/v2\/types\/post"}],"author":[{"embeddable":true,"href":"https:\/\/www.europesays.com\/fr\/wp-json\/wp\/v2\/users\/2"}],"replies":[{"embeddable":true,"href":"https:\/\/www.europesays.com\/fr\/wp-json\/wp\/v2\/comments?post=240931"}],"version-history":[{"count":0,"href":"https:\/\/www.europesays.com\/fr\/wp-json\/wp\/v2\/posts\/240931\/revisions"}],"wp:featuredmedia":[{"embeddable":true,"href":"https:\/\/www.europesays.com\/fr\/wp-json\/wp\/v2\/media\/240932"}],"wp:attachment":[{"href":"https:\/\/www.europesays.com\/fr\/wp-json\/wp\/v2\/media?parent=240931"}],"wp:term":[{"taxonomy":"category","embeddable":true,"href":"https:\/\/www.europesays.com\/fr\/wp-json\/wp\/v2\/categories?post=240931"},{"taxonomy":"post_tag","embeddable":true,"href":"https:\/\/www.europesays.com\/fr\/wp-json\/wp\/v2\/tags?post=240931"}],"curies":[{"name":"wp","href":"https:\/\/api.w.org\/{rel}","templated":true}]}}