{"id":240938,"date":"2025-07-10T21:11:10","date_gmt":"2025-07-10T21:11:10","guid":{"rendered":"https:\/\/www.europesays.com\/fr\/240938\/"},"modified":"2025-07-10T21:11:10","modified_gmt":"2025-07-10T21:11:10","slug":"des-mini-sauveteurs-pour-de-maxi-sauvetages-a-la-seyne","status":"publish","type":"post","link":"https:\/\/www.europesays.com\/fr\/240938\/","title":{"rendered":"Des mini-sauveteurs pour de maxi-sauvetages \u00e0 La Seyne"},"content":{"rendered":"<p>Depuis 2018, la Soci\u00e9t\u00e9 nationale de sauvetage en mer (SNSM), en partenariat avec le groupe d\u2019assurances MACIF, organise chaque ann\u00e9e une tourn\u00e9e de pr\u00e9vention \u00e0 destination des enfants sur les plages fran\u00e7aises. L\u2019objectif est de les sensibiliser aux gestes de premier secours qui peuvent permettre de sauver des vies en cas de danger.<\/p>\n<p>\u00ab\u00a0Une personne s\u2019en voudra toujours de n\u2019avoir rien fait si un accident se passe avant elle. C\u2019est pour \u00e7a que c\u2019est important d\u2019apprendre ces gestes pour que chacun soit en capacit\u00e9 de r\u00e9agir dans l\u2019urgence\u00a0\u00bb, explique H\u00e9l\u00e8ne, b\u00e9n\u00e9vole \u00e0 la SNSM. Pour elle, il est important de sensibiliser les enfants, qui retiennent plus facilement que les adultes. Plusieurs ateliers sont donc pr\u00e9vus \u00e0 cet effet.<\/p>\n<p>\u00ab\u00a0\u00c7a permet de sauver une vie\u00a0\u00bb<\/p>\n<p>Dans un premier temps, on leur montre les num\u00e9ros d\u2019urgence \u00e0 conna\u00eetre, avec des pictogrammes pour une meilleur rapprochement visuel. Une fois qu\u2019ils ont m\u00e9moris\u00e9 les num\u00e9ros, on les installe sous des tentes et on leur apprend \u00e0 savoir reconna\u00eetre une personne inconsciente qui respire et une personne inconsciente qui ne respire pas. Le principe est ensuite de leur montrer comment r\u00e9aliser un massage cardiaque en utilisant un d\u00e9fibrillateur semi-automatique (DSA) et comment mettre une victime en position lat\u00e9rale de s\u00e9curit\u00e9 (PLS).<\/p>\n<p>\u00ab\u00a0L\u2019important c\u2019est surtout qu\u2019ils sachent r\u00e9agir en cas d\u2019urgence, et qu\u2019ils prennent le r\u00e9flexe d\u2019appeler les urgences. S\u2019ils retiennent \u00e7a, on a d\u00e9j\u00e0 gagn\u00e9\u00a0\u00bb, pr\u00e9cise Romain Grimaldi, charg\u00e9 de pr\u00e9vention MACIF et pilote de la tourn\u00e9e des mini-sauveteurs. Une fois les ateliers termin\u00e9s, chaque enfant r\u00e9cup\u00e8re un dipl\u00f4me de mini-sauveteur. Une trousse de secours, un t-shirt anti-UV et une casquette sont offerts par les b\u00e9n\u00e9voles.<\/p>\n<p>Tom avait d\u00e9j\u00e0 appris les gestes de premiers secours \u00e0 l\u2019\u00e9cole, mais a beaucoup appris cette apr\u00e8s-midi. Il va r\u00e9cup\u00e9rer son dipl\u00f4me avec un grand sourire aux l\u00e8vres. Ad\u00e8le aussi est contente et se sent pr\u00eate \u00e0 sauver des vies. \u00ab\u00a0J\u2019ai juste un peu peur du sang mais je sais qu\u2019il faut que j\u2019apprenne \u00e0 contr\u00f4ler ma peur\u00a0\u00bb, confie-t-elle.<\/p>\n<p>Depuis sa cr\u00e9ation, la tourn\u00e9e des mini-sauveteurs a permis la formation de plus de 6.416 enfants et la sensibilisation d\u2019environ 15.000 accompagnateurs. \u00ab\u00a0Gr\u00e2ce \u00e0 ce type d\u2019intervention, les gens comprennent qu\u2019ils sont un maillon important dans la cha\u00eene des secours et, souvent, \u00e7a permet de sauver une vie\u00a0\u00bb, souligne Romain.<\/p>\n","protected":false},"excerpt":{"rendered":"Depuis 2018, la Soci\u00e9t\u00e9 nationale de sauvetage en mer (SNSM), en partenariat avec le groupe d\u2019assurances MACIF, organise&hellip;\n","protected":false},"author":2,"featured_media":240939,"comment_status":"","ping_status":"","sticky":false,"template":"","format":"standard","meta":{"footnotes":""},"categories":[9619],"tags":[1111,11,1777,674,1011,27,12,882,25,2310,3366],"class_list":{"0":"post-240938","1":"post","2":"type-post","3":"status-publish","4":"format-standard","5":"has-post-thumbnail","7":"category-toulon","8":"tag-actu","9":"tag-actualites","10":"tag-eu","11":"tag-europe","12":"tag-fr","13":"tag-france","14":"tag-news","15":"tag-provence-alpes-cote-dazur","16":"tag-republique-francaise","17":"tag-toulon","18":"tag-vie-locale"},"share_on_mastodon":{"url":"https:\/\/pubeurope.com\/@fr\/114830998575233601","error":""},"_links":{"self":[{"href":"https:\/\/www.europesays.com\/fr\/wp-json\/wp\/v2\/posts\/240938","targetHints":{"allow":["GET"]}}],"collection":[{"href":"https:\/\/www.europesays.com\/fr\/wp-json\/wp\/v2\/posts"}],"about":[{"href":"https:\/\/www.europesays.com\/fr\/wp-json\/wp\/v2\/types\/post"}],"author":[{"embeddable":true,"href":"https:\/\/www.europesays.com\/fr\/wp-json\/wp\/v2\/users\/2"}],"replies":[{"embeddable":true,"href":"https:\/\/www.europesays.com\/fr\/wp-json\/wp\/v2\/comments?post=240938"}],"version-history":[{"count":0,"href":"https:\/\/www.europesays.com\/fr\/wp-json\/wp\/v2\/posts\/240938\/revisions"}],"wp:featuredmedia":[{"embeddable":true,"href":"https:\/\/www.europesays.com\/fr\/wp-json\/wp\/v2\/media\/240939"}],"wp:attachment":[{"href":"https:\/\/www.europesays.com\/fr\/wp-json\/wp\/v2\/media?parent=240938"}],"wp:term":[{"taxonomy":"category","embeddable":true,"href":"https:\/\/www.europesays.com\/fr\/wp-json\/wp\/v2\/categories?post=240938"},{"taxonomy":"post_tag","embeddable":true,"href":"https:\/\/www.europesays.com\/fr\/wp-json\/wp\/v2\/tags?post=240938"}],"curies":[{"name":"wp","href":"https:\/\/api.w.org\/{rel}","templated":true}]}}