{"id":240946,"date":"2025-07-10T21:15:12","date_gmt":"2025-07-10T21:15:12","guid":{"rendered":"https:\/\/www.europesays.com\/fr\/240946\/"},"modified":"2025-07-10T21:15:12","modified_gmt":"2025-07-10T21:15:12","slug":"mon-fils-na-rien-fait-il-est-malade-lagresseur-au-couteau-sur-le-tour-de-france-interne-en-psychiatrie","status":"publish","type":"post","link":"https:\/\/www.europesays.com\/fr\/240946\/","title":{"rendered":"\u00ab\u00a0Mon fils n\u2019a rien fait, il est malade\u00a0\u00bb\u00a0: l\u2019agresseur au couteau sur le Tour de France intern\u00e9 en psychiatrie"},"content":{"rendered":"<p class=\"paragraph text_align_left lp-f-body-02\">Ibrahim D., le jeune homme qui a assen\u00e9, mardi apr\u00e8s-midi, un coup de couteau \u00e0 un <a href=\"https:\/\/www.leparisien.fr\/faits-divers\/attaque-au-couteau-sur-la-route-du-tour-de-france-il-a-devale-comme-un-fou-furieux-08-07-2025-PVEXB4GIKJGJHC6VBDTNQ4LVHM.php\" target=\"_self\" rel=\"nofollow noopener\">CRS<\/a> \u00e0 quelques centaines de m\u00e8tres de l\u2019arriv\u00e9e de la 4e \u00e9tape du Tour de France \u00e0 Rouen (Seine-Maritime) a \u00e9t\u00e9 intern\u00e9 ce jeudi en psychiatrie. Le policier de la CRS 2 de Vaucresson (Val-de-Marne) pris pour cible au niveau du torse n\u2019avait pas \u00e9t\u00e9 bless\u00e9, sauv\u00e9 par son gilet pare-balles. <\/p>\n<p class=\"paragraph text_align_left lp-f-body-02\">Son coll\u00e8gue avait ripost\u00e9 en faisant usage de son arme, \u00ab \u00e9raflant \u00bb selon une source polici\u00e8re, l\u2019assaillant \u00e0 la jambe. Ce dernier avait tout r\u00e9ussi \u00e0 prendre la fuite durant plus de 500 m, puis menac\u00e9 avec son couteau de table des spectateurs de la Grande Boucle avant d\u2019\u00eatre stopp\u00e9 par deux hommes de la CRS 5 de Massy (Essonne).<\/p>\n<p class=\"paragraph text_align_left lp-f-body-02\"><a href=\"https:\/\/www.leparisien.fr\/faits-divers\/attaque-au-couteau-sur-la-route-du-tour-de-france-lagresseur-du-crs-toujours-en-garde-a-vue-a-rouen-ce-mercredi-09-07-2025-YE4ASX2RANAGPHVG6UTCEE62YY.php\" target=\"_blank\" rel=\"noreferrer nofollow noopener\">Au moment de son interpellation<\/a>, il \u00e9tait, d\u2019apr\u00e8s une source proche de l\u2019enqu\u00eate, \u00ab en fugue d\u2019une hospitalisation sous contrainte \u00bb depuis le 24 juin. <\/p>\n<p class=\"paragraph text_align_left lp-f-body-02\">Pris en charge \u00e0 l\u2019h\u00f4pital pour soigner sa blessure \u00e0 la jambe, l\u2019agresseur \u00e2g\u00e9 de 21 ans a pu \u00eatre entendu mercredi par les enqu\u00eateurs. Selon Pierre G\u00e9rard, procureur adjoint de la R\u00e9publique de Rouen, \u00ab il a contest\u00e9 les faits reproch\u00e9s en d\u00e9pit de l\u2019ensemble des t\u00e9moignages concordants recueillis et des vid\u00e9os qui lui ont \u00e9t\u00e9 oppos\u00e9s \u00bb. <\/p>\n<p class=\"paragraph text_align_left lp-f-body-02\">Il est attest\u00e9 qu\u2019il \u00ab souffre de troubles mentaux depuis quelques mois \u00bb. Pour le magistrat, l\u2019expertise psychiatrique r\u00e9alis\u00e9e ce jeudi confirme \u00ab la gravit\u00e9 de ces troubles et conclut \u00e0 l\u2019abolition du discernement de la personne mise en cause \u00bb.<\/p>\n<p>Domicili\u00e9 \u00e0 Rouen<\/p>\n<p class=\"paragraph text_align_left lp-f-body-02\">Le pr\u00e9fet de Seine-Maritime a donc pris un arr\u00eat\u00e9 \u00ab portant admission en soins psychiatriques avec transfert en unit\u00e9 pour malades difficiles \u00bb. Le parquet, lui, a lev\u00e9 la garde \u00e0 vue tout en poursuivant les investigations. <\/p>\n<p class=\"paragraph text_align_left lp-f-body-02\">Ibrahim D. est domicili\u00e9 dans le quartier difficile de la Grand-Mare sur les hauteurs de Rouen. Il r\u00e9side dans un immeuble HLM de quatre \u00e9tages en r\u00e9novation tout pr\u00e8s d\u2019un terrain de basket. Mercredi vers 18 heures, nous avons crois\u00e9 sa m\u00e8re de retour au domicile familial. \u00ab Mon fils n\u2019a rien fait, il est malade \u00bb, l\u00e2che-t-elle. Accompagn\u00e9e de trois autres fils, elle ne souhaite pas en dire plus. Une perquisition a \u00e9t\u00e9 men\u00e9e dans l\u2019appartement par les policiers. \u00ab Ils m\u2019ont pris mon t\u00e9l\u00e9phone \u00bb, explique l\u2019un des fr\u00e8res de l\u2019agresseur. <\/p>\n<p class=\"paragraph text_align_left lp-f-body-02\">Les deux CRS qui ont proc\u00e9d\u00e9 \u00e0 l\u2019arrestation du d\u00e9s\u00e9quilibr\u00e9 ont, eux, \u00e9t\u00e9 f\u00e9licit\u00e9s par ASO, organisateur du Tour de France. Jeudi matin, avant le d\u00e9part de la <a href=\"https:\/\/www.leparisien.fr\/sports\/cyclisme\/tour-de-france\/eh-le-poireau-tes-le-plus-beau-une-etape-dans-le-char-le-plus-photographie-de-la-caravane-du-tour-09-07-2025-YM6YILV45JECDGXIMQV2D6BMUM.php\" target=\"_self\" rel=\"nofollow noopener\">5e \u00e9tape \u00e0 Caen<\/a> (Calvados), le patron, Christian Prudhomme leur a, selon la Police nationale, rendu \u00ab un hommage appuy\u00e9 \u00bb ainsi qu\u2019\u00e0 tous les agents qui s\u00e9curisent la plus grande course de cyclisme de la plan\u00e8te. <\/p>\n","protected":false},"excerpt":{"rendered":"Ibrahim D., le jeune homme qui a assen\u00e9, mardi apr\u00e8s-midi, un coup de couteau \u00e0 un CRS \u00e0&hellip;\n","protected":false},"author":2,"featured_media":240947,"comment_status":"","ping_status":"","sticky":false,"template":"","format":"standard","meta":{"footnotes":""},"categories":[9587],"tags":[1111,11,207,1777,674,118,1011,27,12,5161,25,9590,60,210],"class_list":{"0":"post-240946","1":"post","2":"type-post","3":"status-publish","4":"format-standard","5":"has-post-thumbnail","7":"category-rouen","8":"tag-actu","9":"tag-actualites","10":"tag-cyclisme","11":"tag-eu","12":"tag-europe","13":"tag-faits-divers","14":"tag-fr","15":"tag-france","16":"tag-news","17":"tag-normandie","18":"tag-republique-francaise","19":"tag-rouen","20":"tag-sports","21":"tag-tour-de-france"},"share_on_mastodon":{"url":"https:\/\/pubeurope.com\/@fr\/114831014123344908","error":""},"_links":{"self":[{"href":"https:\/\/www.europesays.com\/fr\/wp-json\/wp\/v2\/posts\/240946","targetHints":{"allow":["GET"]}}],"collection":[{"href":"https:\/\/www.europesays.com\/fr\/wp-json\/wp\/v2\/posts"}],"about":[{"href":"https:\/\/www.europesays.com\/fr\/wp-json\/wp\/v2\/types\/post"}],"author":[{"embeddable":true,"href":"https:\/\/www.europesays.com\/fr\/wp-json\/wp\/v2\/users\/2"}],"replies":[{"embeddable":true,"href":"https:\/\/www.europesays.com\/fr\/wp-json\/wp\/v2\/comments?post=240946"}],"version-history":[{"count":0,"href":"https:\/\/www.europesays.com\/fr\/wp-json\/wp\/v2\/posts\/240946\/revisions"}],"wp:featuredmedia":[{"embeddable":true,"href":"https:\/\/www.europesays.com\/fr\/wp-json\/wp\/v2\/media\/240947"}],"wp:attachment":[{"href":"https:\/\/www.europesays.com\/fr\/wp-json\/wp\/v2\/media?parent=240946"}],"wp:term":[{"taxonomy":"category","embeddable":true,"href":"https:\/\/www.europesays.com\/fr\/wp-json\/wp\/v2\/categories?post=240946"},{"taxonomy":"post_tag","embeddable":true,"href":"https:\/\/www.europesays.com\/fr\/wp-json\/wp\/v2\/tags?post=240946"}],"curies":[{"name":"wp","href":"https:\/\/api.w.org\/{rel}","templated":true}]}}